{"id":46843,"date":"2022-10-12T15:37:35","date_gmt":"2022-10-12T20:37:35","guid":{"rendered":"http:\/\/www.zonaroja.com.mx\/?p=46843"},"modified":"2022-10-12T15:37:37","modified_gmt":"2022-10-12T20:37:37","slug":"urge-ddhpo-atencion-integral-a-conflicto-entre-textitlan-y-xochiltepec","status":"publish","type":"post","link":"https:\/\/zonaroja.com.mx\/?p=46843","title":{"rendered":"Urge DDHPO atenci\u00f3n integral a conflicto entre Textitl\u00e1n y Xochiltepec"},"content":{"rendered":"\n<p>Redacci\u00f3n\/Zona Roja.&nbsp;<\/p>\n\n\n\n<p>Oaxaca de Ju\u00e1rez, Oax., a 12 de octubre de 2022.- La Defensor\u00eda de los Derechos Humanos del Pueblo de Oaxaca (DDHPO) urgi\u00f3 a las autoridades de los tres niveles de gobierno, atender de forma integral, el conflicto entre Santiago Textitl\u00e1n y su agencia, Santiago Xochiltepec, ante un resurgimiento de la violencia entre ambas localidades.<\/p>\n\n\n\n<p>El organismo aut\u00f3nomo se\u00f1al\u00f3 que, tras los hechos del 6 y 7 de octubre, en los que se registraron disparos y la muerte de una persona de nombre Ernesto C.G., se solicitaron medidas cautelares, a trav\u00e9s del expediente DDHPO\/CA\/508\/20\/2020, por lo que se requiri\u00f3 a la Secretar\u00eda de Seguridad P\u00fablica (SSP) y en colaboraci\u00f3n a la Guardia Nacional, que efect\u00faen acciones para garantizar la seguridad en la zona, as\u00ed como en los caminos que comunican a estos pueblos con la cabecera distrital de Sola de Vega.<\/p>\n\n\n\n<p>De la misma forma, la DDHPO solicit\u00f3 a los institutos Estatal de Educaci\u00f3n P\u00fablica de Oaxaca (IEEPO) y de Estudios de Bachillerato de Oaxaca (IEBO), retomar los servicios educativos en el nivel b\u00e1sico y medio b\u00e1sico, respectivamente, ya que ante la salida de la plantilla de profesores, se vulneran los derechos de ni\u00f1as, ni\u00f1os y adolescentes a la educaci\u00f3n.<\/p>\n\n\n\n<p>Tambi\u00e9n, requiri\u00f3 a los Servicios de Salud de Oaxaca (SSO) y al Instituto Mexicano del Seguro Social (IMSS-Bienestar), restablecer la atenci\u00f3n m\u00e9dica para la sociedad en general que habita no solo estas localidades, sino en toda esa regi\u00f3n de la Sierra Sur.<\/p>\n\n\n\n<p>La Defensor\u00eda sostuvo que la complejidad del conflicto entre Textitl\u00e1n y Xochiltepec implica un abordaje regional, integral y comunitario, no solo de seguridad, que atienda las distintas problem\u00e1ticas presentes en la zona, pues el mismo se circunscribe en una serie de pugnas a\u00f1ejas entre diversas comunidades de esa zona.<\/p>\n\n\n\n<p>Por ello, para el organismo aut\u00f3nomo es importante que las autoridades responsables generen un plan de intervenci\u00f3n que ayude a reconstruir el tejido social en toda esta regi\u00f3n del estado, pues de manera hist\u00f3rica se han presentado desacuerdos de tipo agrario, forestal e incluso minero, que sumados a las deudas hist\u00f3ricas en materia social, de desarrollo y de justicia, generan procesos de violencia e inestabilidad social en este lugar.<\/p>\n\n\n\n<p>En este sentido, la DDHPO record\u00f3 que el 31 de mayo de 2002, se registr\u00f3 el homicidio de 26 personas originarias de Santiago Xochiltepec, en el paraje conocido como Agua Fr\u00eda, donde fueron emboscadas mientras regresaban de sus trabajos en el aserradero de San Pedro El Alto.<\/p>\n\n\n\n<p>As\u00ed tambi\u00e9n, en diciembre de 2020, se registr\u00f3 el desplazamiento forzado de pobladores de R\u00edo Santiago, agencia de Santiago Textitl\u00e1n, lo que deriv\u00f3 en la salida masiva de familias de esta localidad hacia la cabecera municipal, conflicto que hasta el momento no se ha resuelto, a\u00fan cuando se han realizado diversas mesas de di\u00e1logo y negociaci\u00f3n con cada una de las partes del conflicto (R\u00edo Santiago y Santiago Xochiltepec), y de manera conjunta.<\/p>\n\n\n\n<p>Ante ello, la DDHPO llam\u00f3 nuevamente al di\u00e1logo como eje articulador para dirimir cualquier diferencia, debido a que son las ni\u00f1as, ni\u00f1os y adolescentes, el sector mayormente afectado ante el desplazamiento forzado, orfandad, violencia, falta de educaci\u00f3n y salud.<\/p>\n\n\n\n<p>Es indispensable, afirm\u00f3 la Defensor\u00eda, que se inicien procesos integrales de paz en la zona, que atiendan de fondo no s\u00f3lo los conflictos agrarios, sino de olvido y marginaci\u00f3n que persisten en estas localidades, puesto que solo as\u00ed, se podr\u00e1 reconstruir el tejido comunitario y se iniciar\u00e1 el proceso de justicia hist\u00f3rica pendiente desde hace d\u00e9cadas.<\/p>\n","protected":false},"excerpt":{"rendered":"<p>Redacci\u00f3n\/Zona Roja.&nbsp; Oaxaca de Ju\u00e1rez, Oax., a 12 de octubre de 2022.- La Defensor\u00eda de&hellip;<\/p>\n","protected":false},"author":2,"featured_media":46844,"comment_status":"closed","ping_status":"open","sticky":false,"template":"","format":"standard","meta":{"_lmt_disableupdate":"","_lmt_disable":"","_jetpack_memberships_contains_paid_content":false,"footnotes":""},"categories":[109,47],"tags":[2307],"class_list":["post-46843","post","type-post","status-publish","format-standard","has-post-thumbnail","hentry","category-minuto-a-minuto","category-zona-gris","tag-santiago-xochiltepec"],"jetpack_featured_media_url":"https:\/\/zonaroja.com.mx\/wp-content\/uploads\/2022\/10\/AEI-Fiscalia-en-Xochiltepec-.jpg","jetpack_sharing_enabled":true,"_links":{"self":[{"href":"https:\/\/zonaroja.com.mx\/index.php?rest_route=\/wp\/v2\/posts\/46843","targetHints":{"allow":["GET"]}}],"collection":[{"href":"https:\/\/zonaroja.com.mx\/index.php?rest_route=\/wp\/v2\/posts"}],"about":[{"href":"https:\/\/zonaroja.com.mx\/index.php?rest_route=\/wp\/v2\/types\/post"}],"author":[{"embeddable":true,"href":"https:\/\/zonaroja.com.mx\/index.php?rest_route=\/wp\/v2\/users\/2"}],"replies":[{"embeddable":true,"href":"https:\/\/zonaroja.com.mx\/index.php?rest_route=%2Fwp%2Fv2%2Fcomments&post=46843"}],"version-history":[{"count":1,"href":"https:\/\/zonaroja.com.mx\/index.php?rest_route=\/wp\/v2\/posts\/46843\/revisions"}],"predecessor-version":[{"id":46845,"href":"https:\/\/zonaroja.com.mx\/index.php?rest_route=\/wp\/v2\/posts\/46843\/revisions\/46845"}],"wp:featuredmedia":[{"embeddable":true,"href":"https:\/\/zonaroja.com.mx\/index.php?rest_route=\/wp\/v2\/media\/46844"}],"wp:attachment":[{"href":"https:\/\/zonaroja.com.mx\/index.php?rest_route=%2Fwp%2Fv2%2Fmedia&parent=46843"}],"wp:term":[{"taxonomy":"category","embeddable":true,"href":"https:\/\/zonaroja.com.mx\/index.php?rest_route=%2Fwp%2Fv2%2Fcategories&post=46843"},{"taxonomy":"post_tag","embeddable":true,"href":"https:\/\/zonaroja.com.mx\/index.php?rest_route=%2Fwp%2Fv2%2Ftags&post=46843"}],"curies":[{"name":"wp","href":"https:\/\/api.w.org\/{rel}","templated":true}]}}