{"id":46849,"date":"2022-10-12T20:13:34","date_gmt":"2022-10-13T01:13:34","guid":{"rendered":"http:\/\/www.zonaroja.com.mx\/?p=46849"},"modified":"2022-10-12T20:13:35","modified_gmt":"2022-10-13T01:13:35","slug":"organizaciones-recibiran-a-salomon-jara-el-1-de-diciembre-con-multiples-protestas","status":"publish","type":"post","link":"https:\/\/zonaroja.com.mx\/?p=46849","title":{"rendered":"Organizaciones recibir\u00e1n a Salom\u00f3n Jara el 1 de diciembre con m\u00faltiples protestas"},"content":{"rendered":"\n<p>Yuridiana Sosa\/Zona Roja.<\/p>\n\n\n\n<p>Oaxaca de Ju\u00e1rez, Oax., 12 de octubre de 2022.- Organizaciones sociales de Oaxaca preparan una movilizaci\u00f3n, de advertencia para su atenci\u00f3n, para dar la bienvenida a Salom\u00f3n Jara Cruz como nuevo gobernador de Oaxaca, el 1 de diciembre.<\/p>\n\n\n\n<p>Durante el Encuentro Estatal de los Pueblos de Oaxaca, efectuado en la Plaza de la Danza de la capital, las organizaciones sociales acordaron tres importantes ejes que definir\u00e1n la ruta de nuevas jornadas de protestas, en la que no aceptar\u00e1n que las promesas de campa\u00f1a de Jara Cruz queden sin cumplir.<\/p>\n\n\n\n<p>El primer acuerdo consta del inicio de una jornada de lucha unitaria, en el contexto del inicio de una nueva administraci\u00f3n estatal, a partir de diciembre.<\/p>\n\n\n\n<p>As\u00ed tambi\u00e9n, el segundo planteamiento probado fue la construcci\u00f3n de una asamblea que rescate la esencia de la Asamblea Popular de los Pueblos de Oaxaca (APPO), en la que se priorice la unidad, la acci\u00f3n y las coincidencias.<\/p>\n\n\n\n<p>Las organizaciones aprobaron recuperar las fechas hist\u00f3ricas del movimiento social oaxaque\u00f1o y conmemorarse en su lucha.<\/p>\n\n\n\n<figure class=\"wp-block-embed is-type-rich is-provider-twitter wp-block-embed-twitter\"><div class=\"wp-block-embed__wrapper\">\n<div class=\"twitter-tweet\"><blockquote class=\"twitter-tweet\" data-lang=\"es\"><p lang=\"es\" dir=\"ltr\"><a href=\"https:\/\/twitter.com\/hashtag\/%C3%9AltimoMinuto?src=hash&amp;ref_src=twsrc%5Etfw\">#\u00daltimoMinuto<\/a> <br>Con una marcha concluye en la capital el Encuentro Estatal de los Pueblos de <a href=\"https:\/\/twitter.com\/hashtag\/Oaxaca?src=hash&amp;ref_src=twsrc%5Etfw\">#Oaxaca<\/a>.<br>Entre los acuerdos alcanzados por las organizaciones participantes, se encuentra una movilizaci\u00f3n generalizada el 1 de diciembre, en la toma de posesi\u00f3n del gobernador <a href=\"https:\/\/twitter.com\/salomonj?ref_src=twsrc%5Etfw\">@salomonj<\/a>. <a href=\"https:\/\/t.co\/7ZvzySxzBS\">pic.twitter.com\/7ZvzySxzBS<\/a><\/p>&mdash; Zona Roja Oaxaca (@ZonaRoja_Oaxaca) <a href=\"https:\/\/twitter.com\/ZonaRoja_Oaxaca\/status\/1580287165220917248?ref_src=twsrc%5Etfw\">12 de octubre de 2022<\/a><\/blockquote><\/div>\n<\/div><\/figure>\n\n\n\n<p>Lo anterior con el prop\u00f3sito de mostrar la existencia de una colectividad social que no permitir\u00e1 que el cambio prometido no ocurra, como sucedi\u00f3 ante la llegada del gobierno de Gabino Cu\u00e9 Monteagudo, al sacar al PRI del poder pero que no fue nada a favor de las comunidades.<\/p>\n\n\n\n<p>&nbsp;\u201c\u00bfUstedes creen que con el cambio de gobierno ya van a tener justicia los compa\u00f1eros muertos? Pues no. Es necesario seguir organiz\u00e1ndonos, no podemos volver a permitir que el movimiento se desorganice\u201d, apuntaron desde la asamblea.<\/p>\n\n\n\n<p>Advirtieron que el 1 de diciembre van a demostrar que las organizaciones siguen presentes \u201cy si no cumple, no hace justicia, no hay proyectos, no est\u00e1n libres los presos pol\u00edticos, vamos a movilizarnos\u201d.<\/p>\n\n\n\n<p>En el encuentro participaron diversas organizaciones, como el Frente Popular Revolucionario, la Uni\u00f3n de Artesanos y Comerciantes Oaxaque\u00f1os en Lucha (UACOL), el Movimiento de Unificaci\u00f3n y Lucha Triqui, la Red Estatal de V\u00edctimas \u201cTom\u00e1s Mart\u00ednez\u201d, entre otras.&nbsp;<\/p>\n\n\n\n<p>Seg\u00fan los organizadores, estuvieron presentes unas 23 organizaciones y 100 autoridades municipales -entre ellas la de Miahuatl\u00e1n de Porfirio D\u00edaz-; al t\u00e9rmino del encuentro, efectuaron una marcha pac\u00edfica de la Plaza de la Danza al z\u00f3calo de la ciudad.<\/p>\n","protected":false},"excerpt":{"rendered":"<p>Yuridiana Sosa\/Zona Roja. Oaxaca de Ju\u00e1rez, Oax., 12 de octubre de 2022.- Organizaciones sociales de&hellip;<\/p>\n","protected":false},"author":2,"featured_media":46850,"comment_status":"closed","ping_status":"open","sticky":false,"template":"","format":"standard","meta":{"_lmt_disableupdate":"","_lmt_disable":"","_jetpack_memberships_contains_paid_content":false,"footnotes":""},"categories":[109,47],"tags":[],"class_list":["post-46849","post","type-post","status-publish","format-standard","has-post-thumbnail","hentry","category-minuto-a-minuto","category-zona-gris"],"jetpack_featured_media_url":"https:\/\/zonaroja.com.mx\/wp-content\/uploads\/2022\/10\/Encuentro-Estatal-de-Pueblos-de-Oaxaca.jpg","jetpack_sharing_enabled":true,"_links":{"self":[{"href":"https:\/\/zonaroja.com.mx\/index.php?rest_route=\/wp\/v2\/posts\/46849","targetHints":{"allow":["GET"]}}],"collection":[{"href":"https:\/\/zonaroja.com.mx\/index.php?rest_route=\/wp\/v2\/posts"}],"about":[{"href":"https:\/\/zonaroja.com.mx\/index.php?rest_route=\/wp\/v2\/types\/post"}],"author":[{"embeddable":true,"href":"https:\/\/zonaroja.com.mx\/index.php?rest_route=\/wp\/v2\/users\/2"}],"replies":[{"embeddable":true,"href":"https:\/\/zonaroja.com.mx\/index.php?rest_route=%2Fwp%2Fv2%2Fcomments&post=46849"}],"version-history":[{"count":1,"href":"https:\/\/zonaroja.com.mx\/index.php?rest_route=\/wp\/v2\/posts\/46849\/revisions"}],"predecessor-version":[{"id":46851,"href":"https:\/\/zonaroja.com.mx\/index.php?rest_route=\/wp\/v2\/posts\/46849\/revisions\/46851"}],"wp:featuredmedia":[{"embeddable":true,"href":"https:\/\/zonaroja.com.mx\/index.php?rest_route=\/wp\/v2\/media\/46850"}],"wp:attachment":[{"href":"https:\/\/zonaroja.com.mx\/index.php?rest_route=%2Fwp%2Fv2%2Fmedia&parent=46849"}],"wp:term":[{"taxonomy":"category","embeddable":true,"href":"https:\/\/zonaroja.com.mx\/index.php?rest_route=%2Fwp%2Fv2%2Fcategories&post=46849"},{"taxonomy":"post_tag","embeddable":true,"href":"https:\/\/zonaroja.com.mx\/index.php?rest_route=%2Fwp%2Fv2%2Ftags&post=46849"}],"curies":[{"name":"wp","href":"https:\/\/api.w.org\/{rel}","templated":true}]}}