{"id":46864,"date":"2022-10-13T07:00:15","date_gmt":"2022-10-13T12:00:15","guid":{"rendered":"http:\/\/www.zonaroja.com.mx\/?p=46864"},"modified":"2022-10-13T07:00:17","modified_gmt":"2022-10-13T12:00:17","slug":"avalan-diputados-extender-presencia-del-ejercito-en-las-calles-pasa-a-congresos","status":"publish","type":"post","link":"https:\/\/zonaroja.com.mx\/?p=46864","title":{"rendered":"Avalan diputados extender presencia del Ej\u00e9rcito en las calles; pasa a Congresos"},"content":{"rendered":"\n<p>Redacci\u00f3n\/Zona Roja Cdmx.<\/p>\n\n\n\n<p>Ciudad de M\u00e9xico, a 13 de octubre de 2022.- Con 339 votos a favor, 155 en contra y dos abstenciones, el Pleno de la C\u00e1mara de Diputados aprob\u00f3 anoche en lo particular y lo general el proyecto de reforma que extiende la presencia de las Fuerzas Armadas en tareas de seguridad p\u00fablica.<\/p>\n\n\n\n<p>Pasa a las legislaturas de los estados y el Congreso de la Ciudad de M\u00e9xico para los efectos correspondientes.<\/p>\n\n\n\n<p>El proyecto de decreto reforma el art\u00edculo Quinto Transitorio del \u2018Decreto por el que se reforman, adicionan y derogan diversas disposiciones de la Constituci\u00f3n Pol\u00edtica de los Estados Unidos mexicanos en materia de Guardia Nacional\u2019.<\/p>\n\n\n\n<p>La ma\u00f1ana de ayer 12 de octubre, la Comisi\u00f3n de Puntos Constitucionales de la C\u00e1mara de Diputados aprob\u00f3 con 28 votos a favor de Morena, PRI, PT, y PVEM y 10 votos del PAN, PRD y MC en contra del proyecto de reforma y lo turn\u00f3 al Pleno para su debate.<\/p>\n\n\n\n<p>El dictamen, proveniente de la C\u00e1mara de Senadores, establece extender nueve a\u00f1os la presencia de las Fuerzas Armadas en tareas de seguridad p\u00fablica, en tanto que la Guardia Nacional desarrolla su estructura y capacidades.<\/p>\n\n\n\n<p>Durante esos nueve a\u00f1os que concluyen en 2028, pues el decreto entr\u00f3 en vigor en 2019, y durante ese periodo el Presidente de la Rep\u00fablica podr\u00e1 disponer de las Fuerzas Armadas, aunque originalmente se ten\u00eda previsto fuera hasta 2024.<\/p>\n\n\n\n<p>En los posicionamientos en contra, Santiago Torreblanca, del PAN, apunt\u00f3 que las modificaciones que se hicieron en el Senado fuero s\u00f3lo para \u201chacer cambiar de opini\u00f3n a algunos y para tapar la incongruencia\u201d. Critic\u00f3 que \u201cno tenemos un marco adecuado de regulaci\u00f3n de las Fuerzas Armadas\u201d para dedicarse a esas tareas.<\/p>\n\n\n\n<p>La redacci\u00f3n de la iniciativa \u201csuena muy bonito, pero la realidad es que el Ej\u00e9rcito no tiene capacitaci\u00f3n\u201d para cuidar la seguridad p\u00fablica.<\/p>\n\n\n\n<p>Salvador Caro, de MC, calific\u00f3 la reforma como una \u201csimulaci\u00f3n y producto de acuerdos pol\u00edticos para la impunidad\u201d de los dirigentes del PRI. Reproch\u00f3 que \u201ces una burla y una verg\u00fcenza que el Senado coloque a la C\u00e1mara de Diputados en un segundo plano, y convierte a los diputados en pajes y s\u00fabditos del \u00b4Rey del cash\u00b4\u201d.<\/p>\n\n\n\n<p>(Informaci\u00f3n de \u00abEl Financiero\u00bb)<\/p>\n","protected":false},"excerpt":{"rendered":"<p>Redacci\u00f3n\/Zona Roja Cdmx. Ciudad de M\u00e9xico, a 13 de octubre de 2022.- Con 339 votos&hellip;<\/p>\n","protected":false},"author":2,"featured_media":46030,"comment_status":"closed","ping_status":"open","sticky":false,"template":"","format":"standard","meta":{"_lmt_disableupdate":"","_lmt_disable":"","_jetpack_memberships_contains_paid_content":false,"footnotes":""},"categories":[109,47],"tags":[],"class_list":["post-46864","post","type-post","status-publish","format-standard","has-post-thumbnail","hentry","category-minuto-a-minuto","category-zona-gris"],"jetpack_featured_media_url":"https:\/\/zonaroja.com.mx\/wp-content\/uploads\/2022\/09\/Ejercito-Mexicano-en-las-calles-3.jpeg","jetpack_sharing_enabled":true,"_links":{"self":[{"href":"https:\/\/zonaroja.com.mx\/index.php?rest_route=\/wp\/v2\/posts\/46864","targetHints":{"allow":["GET"]}}],"collection":[{"href":"https:\/\/zonaroja.com.mx\/index.php?rest_route=\/wp\/v2\/posts"}],"about":[{"href":"https:\/\/zonaroja.com.mx\/index.php?rest_route=\/wp\/v2\/types\/post"}],"author":[{"embeddable":true,"href":"https:\/\/zonaroja.com.mx\/index.php?rest_route=\/wp\/v2\/users\/2"}],"replies":[{"embeddable":true,"href":"https:\/\/zonaroja.com.mx\/index.php?rest_route=%2Fwp%2Fv2%2Fcomments&post=46864"}],"version-history":[{"count":1,"href":"https:\/\/zonaroja.com.mx\/index.php?rest_route=\/wp\/v2\/posts\/46864\/revisions"}],"predecessor-version":[{"id":46865,"href":"https:\/\/zonaroja.com.mx\/index.php?rest_route=\/wp\/v2\/posts\/46864\/revisions\/46865"}],"wp:featuredmedia":[{"embeddable":true,"href":"https:\/\/zonaroja.com.mx\/index.php?rest_route=\/wp\/v2\/media\/46030"}],"wp:attachment":[{"href":"https:\/\/zonaroja.com.mx\/index.php?rest_route=%2Fwp%2Fv2%2Fmedia&parent=46864"}],"wp:term":[{"taxonomy":"category","embeddable":true,"href":"https:\/\/zonaroja.com.mx\/index.php?rest_route=%2Fwp%2Fv2%2Fcategories&post=46864"},{"taxonomy":"post_tag","embeddable":true,"href":"https:\/\/zonaroja.com.mx\/index.php?rest_route=%2Fwp%2Fv2%2Ftags&post=46864"}],"curies":[{"name":"wp","href":"https:\/\/api.w.org\/{rel}","templated":true}]}}