{"id":46868,"date":"2022-10-13T09:00:00","date_gmt":"2022-10-13T14:00:00","guid":{"rendered":"http:\/\/www.zonaroja.com.mx\/?p=46868"},"modified":"2022-10-13T07:22:20","modified_gmt":"2022-10-13T12:22:20","slug":"me-tienes-harto-te-voy-a-hacer-picadillo-con-machete-le-dijeron-a-essica","status":"publish","type":"post","link":"https:\/\/zonaroja.com.mx\/?p=46868","title":{"rendered":"\u201cMe tienes harto, te voy a hacer picadillo con machete\u201d, le dijeron a Essica"},"content":{"rendered":"\n<p>Redacci\u00f3n\/Zona Roja.<\/p>\n\n\n\n<p>Oaxaca de Ju\u00e1rez, Oax., a 13 de octubre de 2022.- Defensoras de derechos humanos,&nbsp;mujeres ind\u00edgenas, lideresas comunitarias, mujeres organizadas, colectivas feministas y organizaciones de la sociedad civil alertaron el alto riesgo en el que se encuentra&nbsp;la&nbsp;ind\u00edgena&nbsp;zapoteca&nbsp;Essica&nbsp;V\u00e1zquez Romualdo, en la comunidad de&nbsp;La Trinidad, municipio de Santiago&nbsp;Yaveo,&nbsp;y su familia.<\/p>\n\n\n\n<p>La mujer&nbsp;es&nbsp;candidata&nbsp;a regidora de Educaci\u00f3n&nbsp;en Santiago&nbsp;Yaveo, donde el pr\u00f3ximo 30 de octubre habr\u00e1 de&nbsp;renovarse el Cabildo bajo el Sistema Normativo Interno (SNI).&nbsp;<\/p>\n\n\n\n<p>En un comunicado, expusieron que&nbsp;tambi\u00e9n que&nbsp;Essica&nbsp;V\u00e1zquez se ha destacado por ser una voz&nbsp;cr\u00edtica&nbsp;en su comunidad&nbsp;y&nbsp;se\u00f1alar pr\u00e1cticas abusivas.<\/p>\n\n\n\n<p>El pasado 8 de octubre,&nbsp;ella se encontraba&nbsp;en las inmediaciones de un terreno familiar documentando irregularidades en relaci\u00f3n al uso del mismo,&nbsp;cuando&nbsp;acudi\u00f3 al lugar un grupo de hombres entre los que destacan&nbsp;el comandante de la polic\u00eda municipal,&nbsp;F\u00e9lix Arag\u00f3n L\u00f3pez,&nbsp;as\u00ed como&nbsp;un polic\u00eda municipal de nombre Mario Jeronimo.&nbsp;<\/p>\n\n\n\n<p>Este \u00faltimo empez\u00f3 a amenazar a&nbsp;Essica&nbsp;V\u00e1zquez diciendo:&nbsp;\u201cme tienes harto&nbsp;te voy a&nbsp;hacer picadillo con&nbsp;este&nbsp;machete\u201d. A su vez, otro&nbsp;polic\u00eda&nbsp;municipal de nombre Jos\u00e9 la intimid\u00f3 al referirse a ella como conflictiva, diciendo \u201csiempre&nbsp;est\u00e1s&nbsp;en contra del pueblo\u201d.<\/p>\n\n\n\n<p>Continuaron&nbsp;intimid\u00e1ndola&nbsp;refiri\u00e9ndose&nbsp;a su candidatura, diciendo que&nbsp;\u201csiempre buscas&nbsp;problemas\u201d&nbsp;y que&nbsp;\u201cahora andas&nbsp;con eso de la planilla\u201d, para enseguida&nbsp;ser&nbsp;detenida. &nbsp;<\/p>\n\n\n\n<p>La mujer fue obligada a caminar durante m\u00e1s de&nbsp;un&nbsp;kil\u00f3metro&nbsp;para ser trasladada a la celda de su comunidad; durante el traslado,&nbsp;la insultaban&nbsp;y empujaban&nbsp;resultando en moretones en&nbsp;el&nbsp;brazo; el&nbsp;polic\u00eda municipal Mario Jeronimo&nbsp;tambi\u00e9n&nbsp;realiz\u00f3 tocamientos.<\/p>\n\n\n\n<p>DOS D\u00cdAS ENCARCELADA<\/p>\n\n\n\n<p>La candidata&nbsp;permaneci\u00f3 durante 51 horas en&nbsp;una celda de un metro de ancho por dos metros de largo, condiciones que impidieron que pudiera descansar y acostarse, aunado a que no le fueron proporcionados alimentos y le fue limitado el acceso al ba\u00f1o.&nbsp;<\/p>\n\n\n\n<p>Fue tambi\u00e9n parcialmente incomunicada, al no permitir que las personas se le acercaran,&nbsp;amenazando a sus familiares con encarcelarles tambi\u00e9n y referirse a ellas como \u201cviejas&nbsp;arg\u00fcenderas\u201d.&nbsp;<\/p>\n\n\n\n<p>En&nbsp;reiteradas ocasiones durante el periodo de detenci\u00f3n arbitraria, la candidata fue presionada para firmar un acta en el que admit\u00eda delitos y&nbsp;actuaciones&nbsp;que nunca cometi\u00f3. Todos&nbsp;aquellos malos tratos resultaron en impactos en salud tanto f\u00edsica como&nbsp;emocional.<\/p>\n\n\n\n<p>A&nbsp;ello&nbsp;se suma la violencia ejercida contra su&nbsp;hija&nbsp;de 8 a\u00f1os y su&nbsp;hijo&nbsp;de 11 a\u00f1os,&nbsp;a quienes&nbsp;desde el d\u00eda 10 de octubre&nbsp;les fue&nbsp;negado&nbsp;el acceso a la escuela primaria&nbsp;con la&nbsp;anuencia&nbsp;de la directora de la misma, Yesica Orozco.&nbsp;<\/p>\n\n\n\n<p>Essica&nbsp;V\u00e1zquez fue tambi\u00e9n amenazada&nbsp;con&nbsp;ser privada de acceso al centro de salud,&nbsp;con la anuencia de la tesorera de bienes comunales, Rosibel Morales Cruz. Tambi\u00e9n fue&nbsp;amenazada&nbsp;de que se le cortar\u00eda el servicio de luz,&nbsp;incit\u00e1ndola&nbsp;a&nbsp;abandonar&nbsp;la comunidad.<\/p>\n\n\n\n<p>La candidata ind\u00edgena fue finalmente liberada el d\u00eda 10 de octubre y&nbsp;teme por su&nbsp;integridad,&nbsp;as\u00ed como por la de sus&nbsp;hijos&nbsp;y familiares&nbsp;debido a las graves amenazas que enfrenta, aunado a que hasta el momento sus hijos menores de edad siguen privados de su derecho a la educaci\u00f3n al no haber podido reintegrarse a la escuela primaria.&nbsp;<\/p>\n\n\n\n<p>EXIGEN PROTECCI\u00d3N<\/p>\n\n\n\n<p>Lo anterior, incluso cuando el Tribunal Electoral del Estado de Oaxaca (TEEO) emiti\u00f3 un acuerdo, de inmediata atenci\u00f3n, por el que dicta medidas de protecci\u00f3n en favor de&nbsp;Essica, vinculando a nueve instituciones para ello.<\/p>\n\n\n\n<p>Durante la detenci\u00f3n de&nbsp;Essica&nbsp;V\u00e1zquez, pudo percatarse de la presencia de personal de la Fiscal\u00eda General del Estado de Oaxaca en su comunidad, sin embargo en ning\u00fan momento se acercaron y fue hasta despu\u00e9s de&nbsp;su liberaci\u00f3n, el d\u00eda 11 de octubre que&nbsp;la candidata&nbsp;pudo interponer&nbsp;formal denuncia por la detenci\u00f3n arbitraria y abuso de autoridad.&nbsp;<\/p>\n\n\n\n<p>Cabe destacar que hasta la fecha no han sido implementadas medidas para&nbsp;garantizar&nbsp;su protecci\u00f3n, detallaron organizaciones sociales y activistas, mediante un pronunciamiento.<\/p>\n\n\n\n<p>\u201cAlertamos frente a la gravedad de los hechos y al alto riesgo en el que se encuentra la candidata y su familia&nbsp;y responsabilizamos al Gobierno del Estado por la integridad f\u00edsica y psicol\u00f3gica de la candidata, de sus hijos y su familia.<\/p>\n\n\n\n<p>\u201cUrgimos a la Fiscal\u00eda General del Estado de Oaxaca a que realice una investigaci\u00f3n pronta, imparcial y exhaustiva para&nbsp;sancionar&nbsp;a responsables de la detenci\u00f3n arbitraria, malos tratos y otras graves violaciones en contra de la candidata y su familia\u201d, expusieron.&nbsp;<\/p>\n\n\n\n<p>Llamaron tambi\u00e9n a la Defensor\u00eda de los Derechos Humanos del Pueblo de Oaxaca (DDHPO) a que solicite la emisi\u00f3n urgente de medidas cautelares para garantizar la protecci\u00f3n y derechos de&nbsp;Essica&nbsp;V\u00e1zquez y sus familiares. Garantizando tambi\u00e9n el derecho a la educaci\u00f3n de los hijos de la candidata, as\u00ed como el derecho a la salud y servicios comunitarios para toda la familia.&nbsp;<\/p>\n\n\n\n<p>Se\u00f1alaron que la detenci\u00f3n arbitraria de Essica V\u00e1squez Romualdo ocurre en el contexto de que diputadas y diputados de la 65 Legislatura del Congreso de Oaxaca aprobaron una ley que frena el cumplimiento de la paridad en municipios que se rigen por Sistemas Normativos Ind\u00edgenas, lo que representa una violaci\u00f3n a los derechos humanos de las mujeres ind\u00edgenas e implica un retroceso a los espacios ya ganados.&nbsp;<\/p>\n\n\n\n<p>\u201cLas graves violaciones a los derechos de &nbsp;Essica V\u00e1zquez son un claro ejemplo de los impactos de la falta de un marco normativo&nbsp;preciso&nbsp;que garantice los derechos&nbsp;a la&nbsp;plena&nbsp;paticipaci\u00f3n politica y comunitaria de las mujeres\u201d, remarcaron.<\/p>\n\n\n\n<p>Recalcaron la responsabilidad del Gobierno del Estado de Oaxaca y en particular de la Secretar\u00eda de las Mujeres de Oaxaca as\u00ed como del&nbsp;Instituto Estatal Electoral y de Participaci\u00f3n Ciudadana de Oaxaca \u201cquienes impulsan este grave retroceso y urgimos al Gobernador del Estado de Oaxaca a vetar esta iniciativa.&nbsp;<\/p>\n","protected":false},"excerpt":{"rendered":"<p>Redacci\u00f3n\/Zona Roja. Oaxaca de Ju\u00e1rez, Oax., a 13 de octubre de 2022.- Defensoras de derechos&hellip;<\/p>\n","protected":false},"author":2,"featured_media":46732,"comment_status":"closed","ping_status":"open","sticky":false,"template":"","format":"standard","meta":{"_lmt_disableupdate":"","_lmt_disable":"","_jetpack_memberships_contains_paid_content":false,"footnotes":""},"categories":[109,47],"tags":[3280,3259],"class_list":["post-46868","post","type-post","status-publish","format-standard","has-post-thumbnail","hentry","category-minuto-a-minuto","category-zona-gris","tag-essica-vasquez-romualdo","tag-santiago-yaveo"],"jetpack_featured_media_url":"https:\/\/zonaroja.com.mx\/wp-content\/uploads\/2022\/10\/Retenida-en-Santiago-Yaveo.jpg","jetpack_sharing_enabled":true,"_links":{"self":[{"href":"https:\/\/zonaroja.com.mx\/index.php?rest_route=\/wp\/v2\/posts\/46868","targetHints":{"allow":["GET"]}}],"collection":[{"href":"https:\/\/zonaroja.com.mx\/index.php?rest_route=\/wp\/v2\/posts"}],"about":[{"href":"https:\/\/zonaroja.com.mx\/index.php?rest_route=\/wp\/v2\/types\/post"}],"author":[{"embeddable":true,"href":"https:\/\/zonaroja.com.mx\/index.php?rest_route=\/wp\/v2\/users\/2"}],"replies":[{"embeddable":true,"href":"https:\/\/zonaroja.com.mx\/index.php?rest_route=%2Fwp%2Fv2%2Fcomments&post=46868"}],"version-history":[{"count":1,"href":"https:\/\/zonaroja.com.mx\/index.php?rest_route=\/wp\/v2\/posts\/46868\/revisions"}],"predecessor-version":[{"id":46869,"href":"https:\/\/zonaroja.com.mx\/index.php?rest_route=\/wp\/v2\/posts\/46868\/revisions\/46869"}],"wp:featuredmedia":[{"embeddable":true,"href":"https:\/\/zonaroja.com.mx\/index.php?rest_route=\/wp\/v2\/media\/46732"}],"wp:attachment":[{"href":"https:\/\/zonaroja.com.mx\/index.php?rest_route=%2Fwp%2Fv2%2Fmedia&parent=46868"}],"wp:term":[{"taxonomy":"category","embeddable":true,"href":"https:\/\/zonaroja.com.mx\/index.php?rest_route=%2Fwp%2Fv2%2Fcategories&post=46868"},{"taxonomy":"post_tag","embeddable":true,"href":"https:\/\/zonaroja.com.mx\/index.php?rest_route=%2Fwp%2Fv2%2Ftags&post=46868"}],"curies":[{"name":"wp","href":"https:\/\/api.w.org\/{rel}","templated":true}]}}