{"id":46870,"date":"2022-10-13T07:29:56","date_gmt":"2022-10-13T12:29:56","guid":{"rendered":"http:\/\/www.zonaroja.com.mx\/?p=46870"},"modified":"2022-10-13T07:29:58","modified_gmt":"2022-10-13T12:29:58","slug":"refuerza-la-sspo-acciones-de-prevencion-en-mixteca-y-valles","status":"publish","type":"post","link":"https:\/\/zonaroja.com.mx\/?p=46870","title":{"rendered":"Refuerza la SSPO acciones de prevenci\u00f3n en Mixteca y Valles"},"content":{"rendered":"\n<p>Redacci\u00f3n\/Zona Roja.<\/p>\n\n\n\n<p>Oaxaca de Ju\u00e1rez, Oax., a 13 de octubre de 2022.- En seguimiento a las acciones del Programa Integral para la Prevenci\u00f3n Social del Delito y la Violencia, la Secretar\u00eda de Seguridad P\u00fablica de Oaxaca (SSPO) que encabeza Dalia Ba\u00f1os Noyola, instal\u00f3 en San Antonino Castillo Velasco, municipio de la regi\u00f3n Valles Centrales, la Unidad Municipal de Prevenci\u00f3n del Delito.<\/p>\n\n\n\n<p>La ceremonia c\u00edvica fue encabezada por Mayleth L\u00f3pez Rangel, directora de Prevenci\u00f3n del Delito y Participaci\u00f3n Ciudadana en representaci\u00f3n de la titular de la SSPO y en compa\u00f1\u00eda del presidente municipal, Miguel \u00c1ngel Hern\u00e1ndez S\u00e1nchez.<\/p>\n\n\n\n<p>En dicho evento, Mayleth L\u00f3pez Rangel tom\u00f3 protesta y entreg\u00f3 constancias a las y los integrantes de dicha Unidad quienes se capacitaron en el manejo e implementaci\u00f3n del Programa Integral para la Prevenci\u00f3n Social del Delito de la Violencia y de la Delincuencia.<\/p>\n\n\n\n<p>Estas acciones, precis\u00f3 L\u00f3pez Rangel tiene como finalidad combatir el fen\u00f3meno social de la delincuencia a trav\u00e9s de acciones preventivas que ayuden a salvaguardar la integridad y los derechos de las personas.<\/p>\n\n\n\n<p>Por ello, exhort\u00f3 a las y los integrantes de la citada Unidad a trabajar con responsabilidad, civilidad y respeto, y con ello le den seguimiento a todas las acciones preventivas que impulsa la SSPO.<\/p>\n\n\n\n<p>Cabe destacar, que en el marco de la instalaci\u00f3n de la Unidad Municipal, se realizaron diversas actividades informativas dirigido a alumnas y alumnos de la escuela Secundaria T\u00e9cnica 159 y estudiantes del Cobao plantel 34 de San Antonino Castillo Velasco con temas de prevenci\u00f3n del acoso escolar, riesgos en internet y violencia en el noviazgo<\/p>\n\n\n\n<p>Adem\u00e1s de capacitaciones a a autoridades municipales y polic\u00edas municipales de esta localidad con temas como el papel de la familia en la prevenci\u00f3n de la violencia y la delincuencia.<\/p>\n\n\n\n<figure class=\"wp-block-embed is-type-rich is-provider-twitter wp-block-embed-twitter\"><div class=\"wp-block-embed__wrapper\">\n<div class=\"twitter-tweet\"><blockquote class=\"twitter-tweet\" data-lang=\"es\"><p lang=\"es\" dir=\"ltr\">En seguimiento a las acciones del Programa Integral para la Prevenci\u00f3n Social del Delito y la Violencia, instalamos la Unidad Municipal de Prevenci\u00f3n del Delito en San Antonino Castillo Velasco, <a href=\"https:\/\/twitter.com\/hashtag\/VallesCentrales?src=hash&amp;ref_src=twsrc%5Etfw\">#VallesCentrales<\/a>. <a href=\"https:\/\/t.co\/CbzmppYhGb\">pic.twitter.com\/CbzmppYhGb<\/a><\/p>&mdash; Sr\u00eda. Seg. P\u00fab. Oax. (@SSP_GobOax) <a href=\"https:\/\/twitter.com\/SSP_GobOax\/status\/1580005913792253952?ref_src=twsrc%5Etfw\">12 de octubre de 2022<\/a><\/blockquote><\/div>\n<\/div><\/figure>\n\n\n\n<p>PLAN CON ESCUELAS<\/p>\n\n\n\n<p>En tanto, como parte de las acciones en materia de prevenci\u00f3n, la Secretar\u00eda de Seguridad P\u00fablica de Oaxaca (SSPO) a trav\u00e9s de la Direcci\u00f3n General de Prevenci\u00f3n del Delito y Participaci\u00f3n Ciudadana, aterrizar\u00e1 un plan integral de acci\u00f3n en los planteles educativos de la regi\u00f3n Mixteca, para inhibir el delito y la violencia entre la comunidad estudiantil.&nbsp;<\/p>\n\n\n\n<p>As\u00ed lo di\u00f3 a conocer la titular de la SSPO, Dalia Ba\u00f1os Noyola, quien mencion\u00f3 que est\u00e1 ma\u00f1ana la directora de Prevenci\u00f3n del Delito de la SSPO, Mayleth L\u00f3pez Rangel sostuvo una reuni\u00f3n de trabajo con autoridades municipales, acad\u00e9micas y comit\u00e9s de padres de familia de los planteles educativos del Colegio de Bachilleres del Estado de Oaxaca (Cobao) del municipio de Silacayo\u00e1pam y Juxtlahuaca.&nbsp;<\/p>\n\n\n\n<p>Ba\u00f1os Noyola refiri\u00f3 que dicho plan integral de prevenci\u00f3n se realizar\u00e1 en diversos centros educativos de ambos municipios, a fin de reforzar el eje \u00abEscuela Segura\u00bb como parte del Programa Integral para la Prevenci\u00f3n Social del Delito la Violencia y la Delincuencia.&nbsp;<\/p>\n\n\n\n<p>Cabe se\u00f1alar tambi\u00e9n que, durante una reuni\u00f3n de trabajo en dichos municipios, la directora de prevenci\u00f3n precis\u00f3 que, estas estrategias son parte del trabajo interinstitucional que mantiene el gobernador del estado, Alejandro Murat Hinojosa y la titular de la SSPO, con el objetivo de reforzar una sana convivencia entre la comunidad estudiantil en Oaxaca.<\/p>\n","protected":false},"excerpt":{"rendered":"<p>Redacci\u00f3n\/Zona Roja. Oaxaca de Ju\u00e1rez, Oax., a 13 de octubre de 2022.- En seguimiento a&hellip;<\/p>\n","protected":false},"author":2,"featured_media":46871,"comment_status":"closed","ping_status":"open","sticky":false,"template":"","format":"standard","meta":{"_lmt_disableupdate":"","_lmt_disable":"","_jetpack_memberships_contains_paid_content":false,"footnotes":""},"categories":[109,46],"tags":[1421],"class_list":["post-46870","post","type-post","status-publish","format-standard","has-post-thumbnail","hentry","category-minuto-a-minuto","category-zona-blanca","tag-secretaria-de-seguridad-publica-de-oaxaca-sspo"],"jetpack_featured_media_url":"https:\/\/zonaroja.com.mx\/wp-content\/uploads\/2022\/10\/Capacitacion-SSPO.jpg","jetpack_sharing_enabled":true,"_links":{"self":[{"href":"https:\/\/zonaroja.com.mx\/index.php?rest_route=\/wp\/v2\/posts\/46870","targetHints":{"allow":["GET"]}}],"collection":[{"href":"https:\/\/zonaroja.com.mx\/index.php?rest_route=\/wp\/v2\/posts"}],"about":[{"href":"https:\/\/zonaroja.com.mx\/index.php?rest_route=\/wp\/v2\/types\/post"}],"author":[{"embeddable":true,"href":"https:\/\/zonaroja.com.mx\/index.php?rest_route=\/wp\/v2\/users\/2"}],"replies":[{"embeddable":true,"href":"https:\/\/zonaroja.com.mx\/index.php?rest_route=%2Fwp%2Fv2%2Fcomments&post=46870"}],"version-history":[{"count":1,"href":"https:\/\/zonaroja.com.mx\/index.php?rest_route=\/wp\/v2\/posts\/46870\/revisions"}],"predecessor-version":[{"id":46872,"href":"https:\/\/zonaroja.com.mx\/index.php?rest_route=\/wp\/v2\/posts\/46870\/revisions\/46872"}],"wp:featuredmedia":[{"embeddable":true,"href":"https:\/\/zonaroja.com.mx\/index.php?rest_route=\/wp\/v2\/media\/46871"}],"wp:attachment":[{"href":"https:\/\/zonaroja.com.mx\/index.php?rest_route=%2Fwp%2Fv2%2Fmedia&parent=46870"}],"wp:term":[{"taxonomy":"category","embeddable":true,"href":"https:\/\/zonaroja.com.mx\/index.php?rest_route=%2Fwp%2Fv2%2Fcategories&post=46870"},{"taxonomy":"post_tag","embeddable":true,"href":"https:\/\/zonaroja.com.mx\/index.php?rest_route=%2Fwp%2Fv2%2Ftags&post=46870"}],"curies":[{"name":"wp","href":"https:\/\/api.w.org\/{rel}","templated":true}]}}