{"id":46873,"date":"2022-10-13T09:00:00","date_gmt":"2022-10-13T14:00:00","guid":{"rendered":"http:\/\/www.zonaroja.com.mx\/?p=46873"},"modified":"2022-10-13T08:09:02","modified_gmt":"2022-10-13T13:09:02","slug":"fracasa-otra-vez-plan-de-retorno-a-la-zona-triqui-abandonan-mesa-de-dialogo","status":"publish","type":"post","link":"https:\/\/zonaroja.com.mx\/?p=46873","title":{"rendered":"Fracasa otra vez plan de retorno a la zona Triqui; abandonan mesa de di\u00e1logo"},"content":{"rendered":"\n<p>Ismael Garc\u00eda M.\/Zona Roja.<\/p>\n\n\n\n<p>Oaxaca de Ju\u00e1rez, Oax., a 13 de octubre de 2022.- Por en\u00e9sima ocasi\u00f3n se rompi\u00f3 el di\u00e1logo entre las organizaciones sociales de la zona Triqui de Oaxaca, en que se busca el retorno de 143 familias desplazadas de Tierra Blanca Copala, Santiago Juxtlahuaca.<\/p>\n\n\n\n<p>A trav\u00e9s de un comunicado, el Movimiento de Unificaci\u00f3n y Lucha Triqui Independiente (MULTI) acus\u00f3 al MULT de falta de voluntad y compromiso para construir la pacificaci\u00f3n en la zona.<\/p>\n\n\n\n<p>Ayer se efectu\u00f3 la reuni\u00f3n en las oficinas de gobierno de Ciudad Administrativa, Tlalixtac de Cabrera, en seguimiento a los acuerdos del pasado 5 de octubre en la Secretar\u00eda de Gobernaci\u00f3n.<\/p>\n\n\n\n<p>En el encuentro \u201cpresentamos propuestas encaminadas para lograr en un corto plazo el retorno seguro de las familias desplazadas con las medidas de seguridad para salvaguardar su integridad f\u00edsica y la pacificaci\u00f3n de la naci\u00f3n triqui.<\/p>\n\n\n\n<p>\u201cSin embargo, contrario a lo que el MULT ha expresado en sus discursos como impulsores de la paz y justicia para la regi\u00f3n Triqui, se negaron a aceptar estas propuestas y por otro lado no presentaron propuesta alguna para los temas de seguridad, gobernabilidad y mucho menos proponer una fecha de retorno, esto a pesar de que fue parte de los acuerdos alcanzados el d\u00eda 5 del presente mes\u201d, detall\u00f3.<\/p>\n\n\n\n<p>Expuso que el MULT condiciona que las familias puedan regresar a su territorio pero sin ning\u00fan tipo de seguridad, poniendo en total riesgo sus vidas; \u201cy en din\u00e1micas de subordinaci\u00f3n a sus \u00abrepresentantes\u00bb impuestos por ellos mismos. \u201cPiden c\u00e1rcel para los representantes de nuestro movimiento y contra los que alzamos la voz al denunciar los atropellos que este grupo genera en contra del pueblo Triqui, como una estrategia para debilitar a las v\u00edctimas y callar nuestras voces\u201d, se\u00f1alaron en su comunicado.<\/p>\n\n\n\n<p>Agregaron que dichas condiciones no son aceptables y por lo cual se levant\u00f3 la mesa de di\u00e1logo sin ning\u00fan compromiso para pr\u00f3ximas reuniones.<\/p>\n\n\n\n<p>El MULTI demand\u00f3 a los gobiernos federal y estatal llamar de nuevo al MULT a las mesas de negociaci\u00f3n y a esta organizaci\u00f3n, que deje la simulaci\u00f3n y adopte posturas pol\u00edtica con madurez.<\/p>\n","protected":false},"excerpt":{"rendered":"<p>Ismael Garc\u00eda M.\/Zona Roja. Oaxaca de Ju\u00e1rez, Oax., a 13 de octubre de 2022.- Por&hellip;<\/p>\n","protected":false},"author":2,"featured_media":37027,"comment_status":"closed","ping_status":"open","sticky":false,"template":"","format":"standard","meta":{"_lmt_disableupdate":"","_lmt_disable":"","_jetpack_memberships_contains_paid_content":false,"footnotes":""},"categories":[109,47],"tags":[],"class_list":["post-46873","post","type-post","status-publish","format-standard","has-post-thumbnail","hentry","category-minuto-a-minuto","category-zona-gris"],"jetpack_featured_media_url":"https:\/\/zonaroja.com.mx\/wp-content\/uploads\/2022\/01\/MULTI-Movimiento-de-Unificacion-y-Lucha-Triqui-Independiente.jpg","jetpack_sharing_enabled":true,"_links":{"self":[{"href":"https:\/\/zonaroja.com.mx\/index.php?rest_route=\/wp\/v2\/posts\/46873","targetHints":{"allow":["GET"]}}],"collection":[{"href":"https:\/\/zonaroja.com.mx\/index.php?rest_route=\/wp\/v2\/posts"}],"about":[{"href":"https:\/\/zonaroja.com.mx\/index.php?rest_route=\/wp\/v2\/types\/post"}],"author":[{"embeddable":true,"href":"https:\/\/zonaroja.com.mx\/index.php?rest_route=\/wp\/v2\/users\/2"}],"replies":[{"embeddable":true,"href":"https:\/\/zonaroja.com.mx\/index.php?rest_route=%2Fwp%2Fv2%2Fcomments&post=46873"}],"version-history":[{"count":1,"href":"https:\/\/zonaroja.com.mx\/index.php?rest_route=\/wp\/v2\/posts\/46873\/revisions"}],"predecessor-version":[{"id":46874,"href":"https:\/\/zonaroja.com.mx\/index.php?rest_route=\/wp\/v2\/posts\/46873\/revisions\/46874"}],"wp:featuredmedia":[{"embeddable":true,"href":"https:\/\/zonaroja.com.mx\/index.php?rest_route=\/wp\/v2\/media\/37027"}],"wp:attachment":[{"href":"https:\/\/zonaroja.com.mx\/index.php?rest_route=%2Fwp%2Fv2%2Fmedia&parent=46873"}],"wp:term":[{"taxonomy":"category","embeddable":true,"href":"https:\/\/zonaroja.com.mx\/index.php?rest_route=%2Fwp%2Fv2%2Fcategories&post=46873"},{"taxonomy":"post_tag","embeddable":true,"href":"https:\/\/zonaroja.com.mx\/index.php?rest_route=%2Fwp%2Fv2%2Ftags&post=46873"}],"curies":[{"name":"wp","href":"https:\/\/api.w.org\/{rel}","templated":true}]}}