{"id":46875,"date":"2022-10-13T08:21:46","date_gmt":"2022-10-13T13:21:46","guid":{"rendered":"http:\/\/www.zonaroja.com.mx\/?p=46875"},"modified":"2022-10-13T08:21:49","modified_gmt":"2022-10-13T13:21:49","slug":"suma-oaxaca-este-ano-4-muertos-en-carceles-municipales","status":"publish","type":"post","link":"https:\/\/zonaroja.com.mx\/?p=46875","title":{"rendered":"Suma Oaxaca este a\u00f1o 4 muertos en c\u00e1rceles municipales"},"content":{"rendered":"\n<p>Ismael Garc\u00eda M.\/Zona Roja.<\/p>\n\n\n\n<p>Oaxaca de Ju\u00e1rez, Oax., a 13 de octubre de 2022.- Con la muerte de un individuo ayer en la celda municipal de Tlalixtac de Cabrera, suman cuatro casos similares registrados en Oaxaca este a\u00f1o.<\/p>\n\n\n\n<p>La Defensor\u00eda de los Derechos Humanos del Pueblo de Oaxaca (DDHPO) abri\u00f3 el expediente DDHPO\/1595\/(01)\/PAX\/2022 por el caso sucedido ayer por la madrugada en dicho municipio conurbado a la ciudad capital.<\/p>\n\n\n\n<p>Asimismo, pidi\u00f3 informes a la autoridad municipal y a la Fiscal\u00eda General del Estado de Oaxaca; indic\u00f3 que de 2015 a octubre de 2022 se han registrado 17 fallecimientos en estos centros, de los cuales cuatro ocurrieron en este a\u00f1o, entre ellos en Huatulco y Salina Cruz.<\/p>\n\n\n\n<p>Ayer por la madrugada fue hallado muerto en la c\u00e1rcel municipal de Tlalixtac un individuo identificado como Ra\u00fal Francisco J. S., de 30 a\u00f1os de edad y originario de Santa Mar\u00eda El Tule.<\/p>\n\n\n\n<p>Fue capturado la noche del martes tras ser golpeado por responsables del vivero \u201cEl Vergel\u201d, ubicado a un costado de la carretera Internacional, cerca de los edificios de Ciudad Administrativa; despu\u00e9s la polic\u00eda municipal acudi\u00f3 a realizar la detenci\u00f3n.<\/p>\n\n\n\n<p>En seguida lo llevaron a la c\u00e1rcel municipal pero presuntamente no le dieron la atenci\u00f3n m\u00e9dica respectiva, por lo cual muri\u00f3 en el transcurso de la madrugada debido a la gravedad de las lesiones.<\/p>\n\n\n\n<p>En tanto la Fiscal\u00eda General del Estado de Oaxaca inici\u00f3 la Carpeta de Investigaci\u00f3n correspondiente.<\/p>\n","protected":false},"excerpt":{"rendered":"<p>Ismael Garc\u00eda M.\/Zona Roja. Oaxaca de Ju\u00e1rez, Oax., a 13 de octubre de 2022.- Con&hellip;<\/p>\n","protected":false},"author":2,"featured_media":30722,"comment_status":"closed","ping_status":"open","sticky":false,"template":"","format":"standard","meta":{"_lmt_disableupdate":"","_lmt_disable":"","_jetpack_memberships_contains_paid_content":false,"footnotes":""},"categories":[109,47],"tags":[1259],"class_list":["post-46875","post","type-post","status-publish","format-standard","has-post-thumbnail","hentry","category-minuto-a-minuto","category-zona-gris","tag-tlalixtac-de-cabrera"],"jetpack_featured_media_url":"https:\/\/zonaroja.com.mx\/wp-content\/uploads\/2021\/08\/Prision-carcel-2.jpg","jetpack_sharing_enabled":true,"_links":{"self":[{"href":"https:\/\/zonaroja.com.mx\/index.php?rest_route=\/wp\/v2\/posts\/46875","targetHints":{"allow":["GET"]}}],"collection":[{"href":"https:\/\/zonaroja.com.mx\/index.php?rest_route=\/wp\/v2\/posts"}],"about":[{"href":"https:\/\/zonaroja.com.mx\/index.php?rest_route=\/wp\/v2\/types\/post"}],"author":[{"embeddable":true,"href":"https:\/\/zonaroja.com.mx\/index.php?rest_route=\/wp\/v2\/users\/2"}],"replies":[{"embeddable":true,"href":"https:\/\/zonaroja.com.mx\/index.php?rest_route=%2Fwp%2Fv2%2Fcomments&post=46875"}],"version-history":[{"count":1,"href":"https:\/\/zonaroja.com.mx\/index.php?rest_route=\/wp\/v2\/posts\/46875\/revisions"}],"predecessor-version":[{"id":46876,"href":"https:\/\/zonaroja.com.mx\/index.php?rest_route=\/wp\/v2\/posts\/46875\/revisions\/46876"}],"wp:featuredmedia":[{"embeddable":true,"href":"https:\/\/zonaroja.com.mx\/index.php?rest_route=\/wp\/v2\/media\/30722"}],"wp:attachment":[{"href":"https:\/\/zonaroja.com.mx\/index.php?rest_route=%2Fwp%2Fv2%2Fmedia&parent=46875"}],"wp:term":[{"taxonomy":"category","embeddable":true,"href":"https:\/\/zonaroja.com.mx\/index.php?rest_route=%2Fwp%2Fv2%2Fcategories&post=46875"},{"taxonomy":"post_tag","embeddable":true,"href":"https:\/\/zonaroja.com.mx\/index.php?rest_route=%2Fwp%2Fv2%2Ftags&post=46875"}],"curies":[{"name":"wp","href":"https:\/\/api.w.org\/{rel}","templated":true}]}}