{"id":46878,"date":"2022-10-13T17:36:04","date_gmt":"2022-10-13T22:36:04","guid":{"rendered":"https:\/\/www.zonaroja.com.mx\/?p=46878"},"modified":"2022-10-13T17:36:05","modified_gmt":"2022-10-13T22:36:05","slug":"pide-la-ddhpo-indagar-suplantacion-de-identidad-de-victima-de-violacion-en-oaxaca","status":"publish","type":"post","link":"https:\/\/zonaroja.com.mx\/?p=46878","title":{"rendered":"Pide la DDHPO indagar suplantaci\u00f3n de identidad de v\u00edctima de violaci\u00f3n en Oaxaca"},"content":{"rendered":"\n<p>Yuridiana Sosa\/ Zona Roja.&nbsp;<\/p>\n\n\n\n<p>Oaxaca de Ju\u00e1rez, Oax., 13 de octubre de 2022.- &nbsp;Para evitar la evasi\u00f3n de la justicia por parte del presunto violador de una adolescente, la Defensor\u00eda de Derechos Humanos del Pueblo de Oaxaca (DDHPO) pidi\u00f3 indagar una probable suplantaci\u00f3n de identidad de la v\u00edctima, para \u201cperdonar\u201d al responsable.<\/p>\n\n\n\n<p>El organismo aut\u00f3nomo abri\u00f3 el expediente DHPO\/0043\/RIJ\/(10)\/OAX\/2022, y solicit\u00f3 informes a la Fiscal\u00eda General de Oaxaca y al Tribunal Superior de Justicia del Estado de Oaxaca.<\/p>\n\n\n\n<p>Para garantizar la seguridad de la v\u00edctima, ante la denuncia p\u00fablica del caso caso que involucra como presunto responsable a un operador pol\u00edtico en el Istmo, la Defensor\u00eda tambi\u00e9n dict\u00f3 una medida cautelar para la mujer.<\/p>\n\n\n\n<p>\u201cPara la Defensor\u00eda es fundamental que las personas tengan garantizado el derecho a la justicia, m\u00e1s a\u00fan cuando se trata de mujeres y en este caso, de un delito de violencia sexual\u201d, manifest\u00f3 el organismo.<\/p>\n\n\n\n<p>EL CASO<\/p>\n\n\n\n<p>La denuncia formal por violaci\u00f3n contra \u201cPijy\u201d, de parte de Pl\u00e1cido N.&nbsp; segu\u00eda sin resolverse tras nueve a\u00f1os hasta apenas el pasado mes de septiembre, cuando la \u201cusurpadora\u201d de la v\u00edctima perdon\u00f3 a su agresor y esto deriv\u00f3 en el sobreseimiento del juicio, del que nunca se ejecut\u00f3 una orden de aprehensi\u00f3n.<\/p>\n\n\n\n<p>\u201cPijy\u201d fue v\u00edctima de la agresi\u00f3n sexual cuando ten\u00eda 15 a\u00f1os, en 2013, caso por el que ante la Fiscal\u00eda de Oaxaca con sede en Mat\u00edas Romero se abri\u00f3 la causa penal 210\/2013 y se gir\u00f3 una orden de aprehensi\u00f3n.<\/p>\n\n\n\n<p>Fue en septiembre de este a\u00f1o, que el mismo agresor presumi\u00f3 que hab\u00eda librado a la ley, lo que motiv\u00f3 a la joven mujer y su abogada a asistir al juzgado y Ministerio P\u00fablico para revisar su denuncia, la cual ya estaba finiquitada con el perd\u00f3n de la supuesta v\u00edctima.&nbsp;<\/p>\n\n\n\n<p>Karla N. actual pareja de Pl\u00e1cido N. suplant\u00f3 la identidad de \u201cPijy\u201d, ocupando una falsa identidad, sin que, supuestamente, ning\u00fan funcionario se diera cuenta, lo que permiti\u00f3 que el juez de control, Omar Morales Sim\u00f3n, anulara la orden de aprehensi\u00f3n existente.<\/p>\n\n\n\n<p>Nueve a\u00f1os despu\u00e9s del delito \u201cPijy\u201d deber\u00e1 emprender nuevamente la lucha para obtener justicia. <\/p>\n","protected":false},"excerpt":{"rendered":"<p>Yuridiana Sosa\/ Zona Roja.&nbsp; Oaxaca de Ju\u00e1rez, Oax., 13 de octubre de 2022.- &nbsp;Para evitar&hellip;<\/p>\n","protected":false},"author":2,"featured_media":46877,"comment_status":"closed","ping_status":"open","sticky":false,"template":"","format":"standard","meta":{"_lmt_disableupdate":"","_lmt_disable":"","_jetpack_memberships_contains_paid_content":false,"footnotes":""},"categories":[109,47],"tags":[],"class_list":["post-46878","post","type-post","status-publish","format-standard","has-post-thumbnail","hentry","category-minuto-a-minuto","category-zona-gris"],"jetpack_featured_media_url":"https:\/\/zonaroja.com.mx\/wp-content\/uploads\/2022\/10\/img_0700.jpg","jetpack_sharing_enabled":true,"_links":{"self":[{"href":"https:\/\/zonaroja.com.mx\/index.php?rest_route=\/wp\/v2\/posts\/46878","targetHints":{"allow":["GET"]}}],"collection":[{"href":"https:\/\/zonaroja.com.mx\/index.php?rest_route=\/wp\/v2\/posts"}],"about":[{"href":"https:\/\/zonaroja.com.mx\/index.php?rest_route=\/wp\/v2\/types\/post"}],"author":[{"embeddable":true,"href":"https:\/\/zonaroja.com.mx\/index.php?rest_route=\/wp\/v2\/users\/2"}],"replies":[{"embeddable":true,"href":"https:\/\/zonaroja.com.mx\/index.php?rest_route=%2Fwp%2Fv2%2Fcomments&post=46878"}],"version-history":[{"count":1,"href":"https:\/\/zonaroja.com.mx\/index.php?rest_route=\/wp\/v2\/posts\/46878\/revisions"}],"predecessor-version":[{"id":46879,"href":"https:\/\/zonaroja.com.mx\/index.php?rest_route=\/wp\/v2\/posts\/46878\/revisions\/46879"}],"wp:featuredmedia":[{"embeddable":true,"href":"https:\/\/zonaroja.com.mx\/index.php?rest_route=\/wp\/v2\/media\/46877"}],"wp:attachment":[{"href":"https:\/\/zonaroja.com.mx\/index.php?rest_route=%2Fwp%2Fv2%2Fmedia&parent=46878"}],"wp:term":[{"taxonomy":"category","embeddable":true,"href":"https:\/\/zonaroja.com.mx\/index.php?rest_route=%2Fwp%2Fv2%2Fcategories&post=46878"},{"taxonomy":"post_tag","embeddable":true,"href":"https:\/\/zonaroja.com.mx\/index.php?rest_route=%2Fwp%2Fv2%2Ftags&post=46878"}],"curies":[{"name":"wp","href":"https:\/\/api.w.org\/{rel}","templated":true}]}}