{"id":46880,"date":"2022-10-13T19:29:05","date_gmt":"2022-10-14T00:29:05","guid":{"rendered":"http:\/\/www.zonaroja.com.mx\/?p=46880"},"modified":"2022-10-13T19:29:18","modified_gmt":"2022-10-14T00:29:18","slug":"investigan-probable-trata-de-personas-en-jalapa-de-diaz-tras-denuncia-de-venta-de-ninas","status":"publish","type":"post","link":"https:\/\/zonaroja.com.mx\/?p=46880","title":{"rendered":"Investigan probable trata de personas en Jalapa de D\u00edaz, tras denuncia de venta de ni\u00f1a"},"content":{"rendered":"\n<p>Yuridiana Sosa\/ Zona Roja.<\/p>\n\n\n\n<p>Oaxaca de Ju\u00e1rez, Oax., 13 de octubre de 2022.- Sin poder defenderse, ni nadie m\u00e1s que interviniera por sus derechos, una menor ind\u00edgena mazateca  de 14 a\u00f1os de edad, originaria de Jalapa de D\u00edaz, en la regi\u00f3n de la Cuenca, fue vendida por su padre en 25 mil pesos.\u00a0<\/p>\n\n\n\n<p>El hecho fue documentado en un reportaje realizado por N M\u00e1s, expuesto en el noticiero nocturno \u201cEn Punto\u201d de Televisa, con Denis Maerker, el pasado 11 de octubre.\u00a0<\/p>\n\n\n\n<p>En la negociaci\u00f3n, realizada de forma infiltrada por el reportero, participa s\u00f3lo el padre de la ni\u00f1a ah\u00ed presente y un \u201cembajador\u201d, quien es el intermediario para conectar al interesado y la familia de las mujeres, quienes una vez \u201cvendidas\u201d se ven obligadas a irse con su comprador, o nueva pareja.<\/p>\n\n\n\n<p>La compra de la menor de 14 a\u00f1os ocurri\u00f3 en esta ocasi\u00f3n en la comunidad Agua de Tierra, luego de varios d\u00edas de realizar comunicaci\u00f3n con el presunto interesado. Pero existen otras comunidades de Jalapa de D\u00edaz donde se lleva a cabo este delito, de acuerdo al reportaje.<\/p>\n\n\n\n<p>Por estos hechos, la Fiscal\u00eda General de Oaxaca abri\u00f3 la carpeta de investigaci\u00f3n 35289\/FCUE\/TUXTEPEC\/2022, por la probable comisi\u00f3n de delito de trata de personas.&nbsp;<\/p>\n\n\n\n<p>As\u00ed tambi\u00e9n, la Fiscal\u00eda de Oaxaca dispuso de elementos de la Agencia Estatal de Investigaciones (AEI) para comenzar las indagatorias en torno al caso, a fin de esclarecer este hecho y fincar las responsabilidades que resulten.<\/p>\n","protected":false},"excerpt":{"rendered":"<p>Yuridiana Sosa\/ Zona Roja. Oaxaca de Ju\u00e1rez, Oax., 13 de octubre de 2022.- Sin poder&hellip;<\/p>\n","protected":false},"author":2,"featured_media":4856,"comment_status":"closed","ping_status":"open","sticky":false,"template":"","format":"standard","meta":{"_lmt_disableupdate":"","_lmt_disable":"","_jetpack_memberships_contains_paid_content":false,"footnotes":""},"categories":[109,47],"tags":[580],"class_list":["post-46880","post","type-post","status-publish","format-standard","has-post-thumbnail","hentry","category-minuto-a-minuto","category-zona-gris","tag-san-felipe-jalapa-de-diaz"],"jetpack_featured_media_url":"https:\/\/zonaroja.com.mx\/wp-content\/uploads\/2019\/10\/Jalapa-de-D\u00edaz-4.jpg","jetpack_sharing_enabled":true,"_links":{"self":[{"href":"https:\/\/zonaroja.com.mx\/index.php?rest_route=\/wp\/v2\/posts\/46880","targetHints":{"allow":["GET"]}}],"collection":[{"href":"https:\/\/zonaroja.com.mx\/index.php?rest_route=\/wp\/v2\/posts"}],"about":[{"href":"https:\/\/zonaroja.com.mx\/index.php?rest_route=\/wp\/v2\/types\/post"}],"author":[{"embeddable":true,"href":"https:\/\/zonaroja.com.mx\/index.php?rest_route=\/wp\/v2\/users\/2"}],"replies":[{"embeddable":true,"href":"https:\/\/zonaroja.com.mx\/index.php?rest_route=%2Fwp%2Fv2%2Fcomments&post=46880"}],"version-history":[{"count":2,"href":"https:\/\/zonaroja.com.mx\/index.php?rest_route=\/wp\/v2\/posts\/46880\/revisions"}],"predecessor-version":[{"id":46883,"href":"https:\/\/zonaroja.com.mx\/index.php?rest_route=\/wp\/v2\/posts\/46880\/revisions\/46883"}],"wp:featuredmedia":[{"embeddable":true,"href":"https:\/\/zonaroja.com.mx\/index.php?rest_route=\/wp\/v2\/media\/4856"}],"wp:attachment":[{"href":"https:\/\/zonaroja.com.mx\/index.php?rest_route=%2Fwp%2Fv2%2Fmedia&parent=46880"}],"wp:term":[{"taxonomy":"category","embeddable":true,"href":"https:\/\/zonaroja.com.mx\/index.php?rest_route=%2Fwp%2Fv2%2Fcategories&post=46880"},{"taxonomy":"post_tag","embeddable":true,"href":"https:\/\/zonaroja.com.mx\/index.php?rest_route=%2Fwp%2Fv2%2Ftags&post=46880"}],"curies":[{"name":"wp","href":"https:\/\/api.w.org\/{rel}","templated":true}]}}