{"id":46887,"date":"2022-10-13T21:04:14","date_gmt":"2022-10-14T02:04:14","guid":{"rendered":"http:\/\/www.zonaroja.com.mx\/?p=46887"},"modified":"2022-10-13T21:04:16","modified_gmt":"2022-10-14T02:04:16","slug":"opinion-oaxaca-en-llamas","status":"publish","type":"post","link":"https:\/\/zonaroja.com.mx\/?p=46887","title":{"rendered":"Opini\u00f3n. Oaxaca en llamas"},"content":{"rendered":"\n<p>N\u00e9stor Y. S\u00e1nchez Islas<\/p>\n\n\n\n<p>Nos encontramos en un per\u00edodo de transici\u00f3n. Un gobierno que casi termina y que&nbsp;le queda muy poco poder, provocando un vac\u00edo.&nbsp;Y&nbsp;un gobierno entrante que no puede ejercerlo legalmente.&nbsp;<\/p>\n\n\n\n<p>Esperaba una transici\u00f3n pac\u00edfica en la que un compadre, Alejandro Murat, le entrega el poder al otro compadre, Salom\u00f3n Jara. No result\u00f3 as\u00ed, las calles de&nbsp;Oaxaca&nbsp;est\u00e1n ba\u00f1adas en sangre, la situaci\u00f3n econ\u00f3mica en picada a pesar de las cuentas alegres y las pocas obras a medio realizar profundizando las desigualdades.<\/p>\n\n\n\n<p>El pa\u00eds entero est\u00e1 en llamas, tambi\u00e9n. Por un lado, la militarizaci\u00f3n y por otro el hackeo de millones de documentos de la Defensa Nacional que pone al Ej\u00e9rcito al desnudo, una&nbsp;situaci\u00f3n&nbsp;muy delicada&nbsp;que exhibe&nbsp;el abuso del fuero militar&nbsp;o&nbsp;las relaciones con el narco de miembros destacados de la 4T.&nbsp;<\/p>\n\n\n\n<p>Regresamos a aquellos viejos tiempos en que en las redacciones de los medios se&nbsp;ordenaba&nbsp;a los reporteros reci\u00e9n llegados: no te metas, no critiques, ni al presidente, ni al ej\u00e9rcito ni a la virgen de Guadalupe. Hoy se vive un ambiente similar:&nbsp;el autoritarismo.<\/p>\n\n\n\n<p>Oaxaca est\u00e1 en llamas, pero no solamente por la situaci\u00f3n de crisis que es obvia. Oaxaca arde&nbsp;en descontento ante otro sexenio en el que los avances y logros solo aparecen en la propaganda gubernamental, pero no en los bolsillos de la mayor\u00eda, mucho menos en obras de infraestructura&nbsp;que prometi\u00f3 a los cuatro vientos: las dos supercarreteras que hacen falta: al Istmo y a la Costa&nbsp;y un necesario libramiento sur de la capital.<\/p>\n\n\n\n<p>El tiempo legal de&nbsp;fin de gobierno&nbsp;ser\u00e1 el d\u00eda en que AMLO le rinda un \u201chomenaje\u201d a Murat, en los hechos, Obrador ha tenido el control absoluto&nbsp;de Oaxaca, y de M\u00e9xico,&nbsp;desde&nbsp;el d\u00eda que gan\u00f3 la elecci\u00f3n, desde esa fecha el gobernador&nbsp;se dobl\u00f3 ante \u00e9l.<\/p>\n\n\n\n<p>Lleg\u00f3 Murat con un pecado original que nunca pudo superar. No es oaxaque\u00f1o. Y los oaxaque\u00f1os, en su gran mayor\u00eda, nunca acabamos de creernos ese s\u00fabito amor por una tierra que le era ajena.<\/p>\n\n\n\n<p>No ser oaxaque\u00f1o&nbsp;ten\u00eda&nbsp;ventajas puesto que ven\u00eda con una&nbsp;cosmovisi\u00f3n de vanguardia y pudo haber aplicado entusiasmo, juventud y conocimiento para&nbsp;transformar Oaxaca. Sin embargo, en lugar de asesorarse por gente conocedora de nuestra realidad, no se atrevi\u00f3 a salir de su burbuja, una parte impuesta por su padre, la otra por una serie de cortesanos que&nbsp;h\u00e1bilmente se colaron al c\u00edrculo de confianza.<\/p>\n\n\n\n<p>Gast\u00f3 mucho dinero en su imagen, en su propaganda y, en estas&nbsp;\u00faltimas&nbsp;semanas, en su precampa\u00f1a presidencial,&nbsp;pero jam\u00e1s se atrevi\u00f3 a socializar a su gobierno con el uso correcto de las relaciones p\u00fablicas. S\u00ed, las relaciones p\u00fablicas modernas no son fiestas&nbsp;ni eventos elitistas, consisten en la socializaci\u00f3n&nbsp;y consenso&nbsp;de los planes y las obras de gobierno entre la poblaci\u00f3n.<\/p>\n\n\n\n<p>No se atrevi\u00f3 a algo muy importante,&nbsp;no se atrevi\u00f3 a tocar las estructuras sociales, econ\u00f3micas y culturales que mantienen en el atraso a nuestra entidad.&nbsp;<\/p>\n\n\n\n<p>No solo no las toc\u00f3, toler\u00f3 su crecimiento para obtener una gobernabilidad&nbsp;enga\u00f1osa&nbsp;que en las&nbsp;\u00faltimas&nbsp;semanas&nbsp;se ha derrumbado&nbsp;como qued\u00f3 en evidencia con los violentos bloqueos de la capital o la ola de ejecuciones en el coraz\u00f3n de la&nbsp;ciudad.<\/p>\n\n\n\n<p>Una parte de la pobreza oaxaque\u00f1a se debe a nuestras estructuras e instituciones culturales, muchas de ellas&nbsp;creadas&nbsp;bajo la dominaci\u00f3n espa\u00f1ola durante la Colonia, como lo son la&nbsp;existencia&nbsp;de las tierras comunales,&nbsp;la invenci\u00f3n de los&nbsp;abusivos&nbsp;alcaldes municipales&nbsp;o los tristemente c\u00e9lebres usos y costumbres.<\/p>\n\n\n\n<p>Gobern\u00f3 c\u00f3modamente en el mismo espacio social que debi\u00f3 haber intentado cambiar. Las enredadas estructuras econ\u00f3micas,&nbsp;culturales y sociales no solo no las&nbsp;cambi\u00f3,&nbsp;sino que, en el caso de la peque\u00f1a elite econ\u00f3mica local la reforz\u00f3&nbsp;creando una corte de pol\u00edticos y empresarios de siempre a los que favoreci\u00f3 con todo tipo de apoyos, como el caso de algunos mezcaleros, cocineros o artesanos.&nbsp;El resultados&nbsp;visible es&nbsp;la perpetuaci\u00f3n del&nbsp;clasismo y&nbsp;la&nbsp;desigualdad.<\/p>\n\n\n\n<p>Las&nbsp;pocas obras en funcionamiento, que no concluidas, el b\u00fanker del Centro de Convenciones y el Centro Gastron\u00f3mico&nbsp;son una muestra de construir para perpetuar las desigualdades&nbsp;y favorecer a grupos privilegiados.&nbsp;<\/p>\n\n\n\n<p>A esas obras solo ir\u00e1 la gente de la calle a laborar, pero no a disfrutarlas a pesar de haber sido construidas con recursos del erario.&nbsp;<\/p>\n\n\n\n<p>La gentrificaci\u00f3n de Oaxaca si bien es un fen\u00f3meno&nbsp;mundial, en Oaxaca ha recibido la simpat\u00eda de la clase gobernante porque ellos mismos resultan beneficiados&nbsp;por las pol\u00edticas tur\u00edsticas implementadas, aunque el costo lo pagamos todos por&nbsp;lo caro que es vivir aqu\u00ed.<\/p>\n\n\n\n<p>Si este gobierno saliente nada hizo&nbsp;para&nbsp;avanzar&nbsp;en el cambio y actualizaci\u00f3n de la mentalidad oaxaque\u00f1a, el gobierno entrante ya anunci\u00f3&nbsp;el&nbsp;retroceso hacia las viejas estructuras coloniales&nbsp;con el reforzamiento del asamble\u00edsmo&nbsp;entre otros cambios que, disfrazados de progresismo, en realidad miran hacia el pasado&nbsp;porque, en materia tur\u00edstica, la pobreza vende. S\u00e1lvese quien pueda.<\/p>\n\n\n\n<p>Twitter @nestoryuri<\/p>\n","protected":false},"excerpt":{"rendered":"<p>N\u00e9stor Y. S\u00e1nchez Islas Nos encontramos en un per\u00edodo de transici\u00f3n. Un gobierno que casi&hellip;<\/p>\n","protected":false},"author":2,"featured_media":41861,"comment_status":"closed","ping_status":"open","sticky":false,"template":"","format":"standard","meta":{"_lmt_disableupdate":"","_lmt_disable":"","_jetpack_memberships_contains_paid_content":false,"footnotes":""},"categories":[456,109],"tags":[3050],"class_list":["post-46887","post","type-post","status-publish","format-standard","has-post-thumbnail","hentry","category-columna","category-minuto-a-minuto","tag-nestor-yuri-sanchez"],"jetpack_featured_media_url":"https:\/\/zonaroja.com.mx\/wp-content\/uploads\/2022\/05\/Opinion-Nestor-Yuri-Sanchez-Islas.jpg","jetpack_sharing_enabled":true,"_links":{"self":[{"href":"https:\/\/zonaroja.com.mx\/index.php?rest_route=\/wp\/v2\/posts\/46887","targetHints":{"allow":["GET"]}}],"collection":[{"href":"https:\/\/zonaroja.com.mx\/index.php?rest_route=\/wp\/v2\/posts"}],"about":[{"href":"https:\/\/zonaroja.com.mx\/index.php?rest_route=\/wp\/v2\/types\/post"}],"author":[{"embeddable":true,"href":"https:\/\/zonaroja.com.mx\/index.php?rest_route=\/wp\/v2\/users\/2"}],"replies":[{"embeddable":true,"href":"https:\/\/zonaroja.com.mx\/index.php?rest_route=%2Fwp%2Fv2%2Fcomments&post=46887"}],"version-history":[{"count":1,"href":"https:\/\/zonaroja.com.mx\/index.php?rest_route=\/wp\/v2\/posts\/46887\/revisions"}],"predecessor-version":[{"id":46888,"href":"https:\/\/zonaroja.com.mx\/index.php?rest_route=\/wp\/v2\/posts\/46887\/revisions\/46888"}],"wp:featuredmedia":[{"embeddable":true,"href":"https:\/\/zonaroja.com.mx\/index.php?rest_route=\/wp\/v2\/media\/41861"}],"wp:attachment":[{"href":"https:\/\/zonaroja.com.mx\/index.php?rest_route=%2Fwp%2Fv2%2Fmedia&parent=46887"}],"wp:term":[{"taxonomy":"category","embeddable":true,"href":"https:\/\/zonaroja.com.mx\/index.php?rest_route=%2Fwp%2Fv2%2Fcategories&post=46887"},{"taxonomy":"post_tag","embeddable":true,"href":"https:\/\/zonaroja.com.mx\/index.php?rest_route=%2Fwp%2Fv2%2Ftags&post=46887"}],"curies":[{"name":"wp","href":"https:\/\/api.w.org\/{rel}","templated":true}]}}