{"id":46889,"date":"2022-10-13T21:20:57","date_gmt":"2022-10-14T02:20:57","guid":{"rendered":"http:\/\/www.zonaroja.com.mx\/?p=46889"},"modified":"2022-10-13T21:20:58","modified_gmt":"2022-10-14T02:20:58","slug":"capital-violenta-un-asesinado-y-un-herido-a-balazos-en-oaxaca","status":"publish","type":"post","link":"https:\/\/zonaroja.com.mx\/?p=46889","title":{"rendered":"Capital violenta: un asesinado y un herido a balazos en Oaxaca"},"content":{"rendered":"\n<p>Ismael Garc\u00eda M.\/Zona Roja.<\/p>\n\n\n\n<p>Oaxaca de Ju\u00e1rez, Oax., a 13 de octubre de 2022.- La violencia recrudece en la ciudad de Oaxaca y este jueves se registraron dos ataques armados, con saldo de una persona fallecida, una lesionada y un menor de edad desaparecido temporalmente.<\/p>\n\n\n\n<p>Esta noche, alrededor de las 20:00 horas, en el \u00e1rea conocida como \u201cplay\u00f3n\u201d, a unos pasos de las riberas del r\u00edo \u201cAtoyac\u201d, en la zona sur de la Central de Abasto, un individuo fue ejecutado por disparos de arma de fuego.<\/p>\n\n\n\n<p>Param\u00e9dicos de la Cruz Roja Mexicana arribaron al sitio para brindar los primeros auxilios, pero corroboraron que ya hab\u00eda perdido la vida; fue identificado de manera preliminar como \u00c9rick R. C., de unos 35 a\u00f1os de edad, de oficio comerciante de miel.<\/p>\n\n\n\n<p>OTRO ATAQUE<\/p>\n\n\n\n<p>Por otra parte, horas antes en la avenida Monte Alb\u00e1n de la colonia Margarita de la agencia de San Mart\u00edn Mexic\u00e1pam, un individuo a bordo de su motocicleta, en que llevaba a un menor de cuatro a\u00f1os, fue agredido a balazos.<\/p>\n\n\n\n<p>La v\u00edctima, identificada de manera preliminar como Emanuel Alejandro, de 26 a\u00f1os de edad, fue trasladado a un hospital de la capital, pero desde ese momento el ni\u00f1o desapareci\u00f3, por lo cual su abuela lo busc\u00f3 por toda la colonia a bordo de una ambulancia.<\/p>\n\n\n\n<p>Finalmente la Fiscal\u00eda General del Estado inform\u00f3 que el menor fue localizado con vida y a salvo, bajo resguardo; en tanto que por la agresi\u00f3n armada inici\u00f3 la Carpeta de Investigaci\u00f3n correspondiente.<\/p>\n\n\n\n<p>En ambos casos no hay personas detenidas por el momento.<\/p>\n","protected":false},"excerpt":{"rendered":"<p>Ismael Garc\u00eda M.\/Zona Roja. Oaxaca de Ju\u00e1rez, Oax., a 13 de octubre de 2022.- La&hellip;<\/p>\n","protected":false},"author":2,"featured_media":46890,"comment_status":"closed","ping_status":"open","sticky":false,"template":"","format":"standard","meta":{"_lmt_disableupdate":"","_lmt_disable":"","_jetpack_memberships_contains_paid_content":false,"footnotes":""},"categories":[109,51],"tags":[148],"class_list":["post-46889","post","type-post","status-publish","format-standard","has-post-thumbnail","hentry","category-minuto-a-minuto","category-zona-roja","tag-oaxaca-de-juarez"],"jetpack_featured_media_url":"https:\/\/zonaroja.com.mx\/wp-content\/uploads\/2022\/10\/Asesinado-Mercado-de-Abasto-ciudad-de-Oaxaca.jpeg","jetpack_sharing_enabled":true,"_links":{"self":[{"href":"https:\/\/zonaroja.com.mx\/index.php?rest_route=\/wp\/v2\/posts\/46889","targetHints":{"allow":["GET"]}}],"collection":[{"href":"https:\/\/zonaroja.com.mx\/index.php?rest_route=\/wp\/v2\/posts"}],"about":[{"href":"https:\/\/zonaroja.com.mx\/index.php?rest_route=\/wp\/v2\/types\/post"}],"author":[{"embeddable":true,"href":"https:\/\/zonaroja.com.mx\/index.php?rest_route=\/wp\/v2\/users\/2"}],"replies":[{"embeddable":true,"href":"https:\/\/zonaroja.com.mx\/index.php?rest_route=%2Fwp%2Fv2%2Fcomments&post=46889"}],"version-history":[{"count":1,"href":"https:\/\/zonaroja.com.mx\/index.php?rest_route=\/wp\/v2\/posts\/46889\/revisions"}],"predecessor-version":[{"id":46891,"href":"https:\/\/zonaroja.com.mx\/index.php?rest_route=\/wp\/v2\/posts\/46889\/revisions\/46891"}],"wp:featuredmedia":[{"embeddable":true,"href":"https:\/\/zonaroja.com.mx\/index.php?rest_route=\/wp\/v2\/media\/46890"}],"wp:attachment":[{"href":"https:\/\/zonaroja.com.mx\/index.php?rest_route=%2Fwp%2Fv2%2Fmedia&parent=46889"}],"wp:term":[{"taxonomy":"category","embeddable":true,"href":"https:\/\/zonaroja.com.mx\/index.php?rest_route=%2Fwp%2Fv2%2Fcategories&post=46889"},{"taxonomy":"post_tag","embeddable":true,"href":"https:\/\/zonaroja.com.mx\/index.php?rest_route=%2Fwp%2Fv2%2Ftags&post=46889"}],"curies":[{"name":"wp","href":"https:\/\/api.w.org\/{rel}","templated":true}]}}