{"id":46892,"date":"2022-10-13T21:51:23","date_gmt":"2022-10-14T02:51:23","guid":{"rendered":"http:\/\/www.zonaroja.com.mx\/?p=46892"},"modified":"2022-10-13T22:01:32","modified_gmt":"2022-10-14T03:01:32","slug":"se-cumplen-seis-dias-sin-recoleccion-de-basura-y-edil-suplica-ayuda","status":"publish","type":"post","link":"https:\/\/zonaroja.com.mx\/?p=46892","title":{"rendered":"Se cumplen seis d\u00edas sin recolecci\u00f3n de basura y edil suplica ayuda"},"content":{"rendered":"\n<p>Ismael Garc\u00eda M.\/Zona Roja.<\/p>\n\n\n\n<p>Oaxaca de Ju\u00e1rez, Oax., a 13 de octubre de 2022.- \u201cEspero que sea m\u00e1s de cinco millones, no quisimos dar una cifra porque espero que el Gobierno del Estado pueda apoyarnos con todo lo que sea posible.<\/p>\n\n\n\n<p>\u201cNo se se\u00f1ala monto porque el gobierno estatal decidir\u00e1 hasta cu\u00e1nto puede apoyar, yo espero que s\u00ed podr\u00edamos gestionar con ellos una cantidad suficiente\u201d.<\/p>\n\n\n\n<p>As\u00ed respondi\u00f3 el presidente municipal de Oaxaca de Ju\u00e1rez, Francisco Mart\u00ednez Neri, acerca del acuerdo aprobado por el Cabildo, en el sentido de solicitar a la administraci\u00f3n estatal un \u201csaneamiento financiero\u201d, que no cr\u00e9dito.<\/p>\n\n\n\n<p>Este jueves, en sesi\u00f3n extraordinaria, la asamblea capitalina aval\u00f3 por unanimidad la propuesta del edil para solicitar apoyo de la autoridad estatal para la compra de un terreno en que se instalar\u00eda el tiradero de basura.<\/p>\n\n\n\n<p>Y es que hoy se cumplieron seis d\u00edas del cierre del dep\u00f3sito de desechos ubicado en la Villa de Zaachila y hasta el momento no hay recolecci\u00f3n de basura m\u00e1s que de residuos org\u00e1nicos, por lo cual en diversos sitios de la ciudad contin\u00faa el acumulamiento de bolsas con desechos.<\/p>\n\n\n\n<p>En entrevista al t\u00e9rmino de la sesi\u00f3n de Cabildo, Mart\u00ednez Neri detall\u00f3 que el \u201csaneamiento financiero\u201d no se trata de un cr\u00e9dito, sino de un apoyo, en este caso para la adquisici\u00f3n de un predio.<\/p>\n\n\n\n<p>-\u00bfCu\u00e1nto quisiera el municipio de apoyo?<\/p>\n\n\n\n<p>-Todo, todo lo posible, nos falta recurso y no s\u00f3lo para ese fin.<\/p>\n\n\n\n<p>\u201cEn su oportunidad he hablado con el gobernador y le digo si hubo apoyo con el gobierno anterior en saneamiento financiero, nosotros tambi\u00e9n quisi\u00e9ramos\u201d, dijo.<\/p>\n\n\n\n<p>Previo a ello, el edil emiti\u00f3 un pronunciamiento al finalizar la sesi\u00f3n ordinaria de Cabildo:<\/p>\n\n\n\n<p>\u201cEstoy cierto que vamos a afrontar este reto con unidad, en principio, y que esta unidad se va a ver reflejada tambi\u00e9n con la unidad del pueblo, as\u00ed lo ha demostrado el pueblo mismo.<\/p>\n\n\n\n<p>\u201cEstamos en esta circunstancia, vivi\u00e9ndola de manera dif\u00edcil desde luego, porque son retos administrativos, pero tambi\u00e9n con la confianza de un pueblo siempre se sale adelante\u201d.<\/p>\n\n\n\n<figure class=\"wp-block-embed is-type-rich is-provider-twitter wp-block-embed-twitter\"><div class=\"wp-block-embed__wrapper\">\n<div class=\"twitter-tweet\"><blockquote class=\"twitter-tweet\" data-lang=\"es\"><p lang=\"es\" dir=\"ltr\">2. Tras la sesi\u00f3n de Cabildo, el edil <a href=\"https:\/\/twitter.com\/FMartinezNeri?ref_src=twsrc%5Etfw\">@FMartinezNeri<\/a> no dio mayores detalles del monto de la aportaci\u00f3n que har\u00eda el <a href=\"https:\/\/twitter.com\/GobOax?ref_src=twsrc%5Etfw\">@GobOax<\/a> para la adquisici\u00f3n del terreno, que estim\u00f3 costar\u00eda entre 10 y 25 millones de pesos. <a href=\"https:\/\/t.co\/0hfMIPJZRm\">pic.twitter.com\/0hfMIPJZRm<\/a><\/p>&mdash; Zona Roja Oaxaca (@ZonaRoja_Oaxaca) <a href=\"https:\/\/twitter.com\/ZonaRoja_Oaxaca\/status\/1580709203122868224?ref_src=twsrc%5Etfw\">13 de octubre de 2022<\/a><\/blockquote><\/div>\n<\/div><\/figure>\n","protected":false},"excerpt":{"rendered":"<p>Ismael Garc\u00eda M.\/Zona Roja. Oaxaca de Ju\u00e1rez, Oax., a 13 de octubre de 2022.- \u201cEspero&hellip;<\/p>\n","protected":false},"author":2,"featured_media":46893,"comment_status":"closed","ping_status":"open","sticky":false,"template":"","format":"standard","meta":{"_lmt_disableupdate":"","_lmt_disable":"","_jetpack_memberships_contains_paid_content":false,"footnotes":""},"categories":[109,47],"tags":[2418],"class_list":["post-46892","post","type-post","status-publish","format-standard","has-post-thumbnail","hentry","category-minuto-a-minuto","category-zona-gris","tag-francisco-martinez-neri"],"jetpack_featured_media_url":"https:\/\/zonaroja.com.mx\/wp-content\/uploads\/2022\/10\/Sesion-de-Cabildo-Oaxaca.jpg","jetpack_sharing_enabled":true,"_links":{"self":[{"href":"https:\/\/zonaroja.com.mx\/index.php?rest_route=\/wp\/v2\/posts\/46892","targetHints":{"allow":["GET"]}}],"collection":[{"href":"https:\/\/zonaroja.com.mx\/index.php?rest_route=\/wp\/v2\/posts"}],"about":[{"href":"https:\/\/zonaroja.com.mx\/index.php?rest_route=\/wp\/v2\/types\/post"}],"author":[{"embeddable":true,"href":"https:\/\/zonaroja.com.mx\/index.php?rest_route=\/wp\/v2\/users\/2"}],"replies":[{"embeddable":true,"href":"https:\/\/zonaroja.com.mx\/index.php?rest_route=%2Fwp%2Fv2%2Fcomments&post=46892"}],"version-history":[{"count":2,"href":"https:\/\/zonaroja.com.mx\/index.php?rest_route=\/wp\/v2\/posts\/46892\/revisions"}],"predecessor-version":[{"id":46896,"href":"https:\/\/zonaroja.com.mx\/index.php?rest_route=\/wp\/v2\/posts\/46892\/revisions\/46896"}],"wp:featuredmedia":[{"embeddable":true,"href":"https:\/\/zonaroja.com.mx\/index.php?rest_route=\/wp\/v2\/media\/46893"}],"wp:attachment":[{"href":"https:\/\/zonaroja.com.mx\/index.php?rest_route=%2Fwp%2Fv2%2Fmedia&parent=46892"}],"wp:term":[{"taxonomy":"category","embeddable":true,"href":"https:\/\/zonaroja.com.mx\/index.php?rest_route=%2Fwp%2Fv2%2Fcategories&post=46892"},{"taxonomy":"post_tag","embeddable":true,"href":"https:\/\/zonaroja.com.mx\/index.php?rest_route=%2Fwp%2Fv2%2Ftags&post=46892"}],"curies":[{"name":"wp","href":"https:\/\/api.w.org\/{rel}","templated":true}]}}