{"id":46897,"date":"2022-10-13T22:24:55","date_gmt":"2022-10-14T03:24:55","guid":{"rendered":"http:\/\/www.zonaroja.com.mx\/?p=46897"},"modified":"2022-10-13T22:24:57","modified_gmt":"2022-10-14T03:24:57","slug":"hasta-diputados-disidentes-de-morena-avalaron-la-militarizacion-del-pais","status":"publish","type":"post","link":"https:\/\/zonaroja.com.mx\/?p=46897","title":{"rendered":"Hasta diputados disidentes de Morena avalaron la militarizaci\u00f3n del pa\u00eds"},"content":{"rendered":"\n<p>Redacci\u00f3n\/Zona Roja.<\/p>\n\n\n\n<p>Oaxaca de Ju\u00e1rez, Oax., 13 de octubre de 2022.- Hasta los diputados disidentes del Partido Morena, as\u00ed como el PRI, avalaron la minuta enviada por el Congreso federal, en que se ampl\u00eda la presencia del Ej\u00e9rcito Mexicano en las calles, para tareas de seguridad p\u00fablica.<\/p>\n\n\n\n<p>\u201cEl Ej\u00e9rcito trabaja como trabaja Morena, \u00fanicamente acata indicaciones, porque los militantes de Morena no tienen criterios; \u00fanicamente reciben indicaciones de un superior, qu\u00e9 l\u00e1stima que no tengan criterios para defender a la naci\u00f3n\u201d, reproch\u00f3 la legisladora de Nueva Alianza, Adriana Altamirano.<\/p>\n\n\n\n<p>Asimismo, anunci\u00f3 que en breve, el Gobierno de la Rep\u00fablica despedir\u00e1 a unos cinco mil elementos de la Guardia Nacional, de los que fueran de la extinta Polic\u00eda Federal.<\/p>\n\n\n\n<p>\u201cOjal\u00e1 que esta aprobaci\u00f3n se refleje en los presupuestos de seguridad p\u00fablica\u201d, asever\u00f3 la diputada, en medio de reproches, durante la sesi\u00f3n extraordinaria del pleno, efectuada la tarde de este jueves.<\/p>\n\n\n\n<p>Con 33 votos a favor y cinco en contra, del PAN y otros aliados, la 65 Legislatura se convirti\u00f3 en el primer Congreso del pa\u00eds en avalar dicha iniciativa, ya aprobada en la C\u00e1mara de Diputados federal y en el Senado de la Rep\u00fablica.<\/p>\n\n\n\n<p>En descontento tambi\u00e9n fue de Natividad D\u00edaz Jim\u00e9nez, de Acci\u00f3n Nacional:<\/p>\n\n\n\n<p>\u201cLos voy a calar a todos, ah\u00ed los voy a ver porque ya no ser\u00e1n los del PRI los traidores a Oaxaca, ahora ser\u00e1n ustedes los salvadores de los oaxaque\u00f1os y ojal\u00e1 y en el presupuesto se vea el coraz\u00f3n de Morena para la polic\u00eda, para la salud\u201d.<\/p>\n\n\n\n<p>Pese a ello, el PRI, el Verde Ecologista, el PT y el PUP, as\u00ed como los diputados disidentes de Morena que pretenden crear la fracci\u00f3n Cuarta Transformaci\u00f3n, dieron su aval a la extensi\u00f3n del Ej\u00e9rcito en las calles hasta el 2018.<\/p>\n\n\n\n<figure class=\"wp-block-embed is-type-rich is-provider-twitter wp-block-embed-twitter\"><div class=\"wp-block-embed__wrapper\">\n<div class=\"twitter-tweet\"><blockquote class=\"twitter-tweet\" data-lang=\"es\"><p lang=\"es\" dir=\"ltr\"><a href=\"https:\/\/twitter.com\/hashtag\/%C3%9AltimoMinuto?src=hash&amp;ref_src=twsrc%5Etfw\">#\u00daltimoMinuto<\/a> <br>Sin oposici\u00f3n del PRI y con cr\u00edticas de algunas legisladoras, el pleno del <a href=\"https:\/\/twitter.com\/CongresoOaxaca_?ref_src=twsrc%5Etfw\">@CongresoOaxaca_<\/a> aprob\u00f3 hoy, con 33 votos a favor y 5 en contra, la minuta enviada por el Congreso de la Uni\u00f3n por el que se aprueba ampliar la presencia del Ej\u00e9rcito en las calles. <a href=\"https:\/\/t.co\/JYn2nmjhBn\">pic.twitter.com\/JYn2nmjhBn<\/a><\/p>&mdash; Zona Roja Oaxaca (@ZonaRoja_Oaxaca) <a href=\"https:\/\/twitter.com\/ZonaRoja_Oaxaca\/status\/1580667943435702273?ref_src=twsrc%5Etfw\">13 de octubre de 2022<\/a><\/blockquote><\/div>\n<\/div><\/figure>\n","protected":false},"excerpt":{"rendered":"<p>Redacci\u00f3n\/Zona Roja. Oaxaca de Ju\u00e1rez, Oax., 13 de octubre de 2022.- Hasta los diputados disidentes&hellip;<\/p>\n","protected":false},"author":2,"featured_media":46898,"comment_status":"closed","ping_status":"open","sticky":false,"template":"","format":"standard","meta":{"_lmt_disableupdate":"","_lmt_disable":"","_jetpack_memberships_contains_paid_content":false,"footnotes":""},"categories":[109,47],"tags":[2743],"class_list":["post-46897","post","type-post","status-publish","format-standard","has-post-thumbnail","hentry","category-minuto-a-minuto","category-zona-gris","tag-65-legislatura-del-estado-de-oaxaca"],"jetpack_featured_media_url":"https:\/\/zonaroja.com.mx\/wp-content\/uploads\/2022\/10\/Sesion-Congreso-Oaxaca.jpeg","jetpack_sharing_enabled":true,"_links":{"self":[{"href":"https:\/\/zonaroja.com.mx\/index.php?rest_route=\/wp\/v2\/posts\/46897","targetHints":{"allow":["GET"]}}],"collection":[{"href":"https:\/\/zonaroja.com.mx\/index.php?rest_route=\/wp\/v2\/posts"}],"about":[{"href":"https:\/\/zonaroja.com.mx\/index.php?rest_route=\/wp\/v2\/types\/post"}],"author":[{"embeddable":true,"href":"https:\/\/zonaroja.com.mx\/index.php?rest_route=\/wp\/v2\/users\/2"}],"replies":[{"embeddable":true,"href":"https:\/\/zonaroja.com.mx\/index.php?rest_route=%2Fwp%2Fv2%2Fcomments&post=46897"}],"version-history":[{"count":1,"href":"https:\/\/zonaroja.com.mx\/index.php?rest_route=\/wp\/v2\/posts\/46897\/revisions"}],"predecessor-version":[{"id":46899,"href":"https:\/\/zonaroja.com.mx\/index.php?rest_route=\/wp\/v2\/posts\/46897\/revisions\/46899"}],"wp:featuredmedia":[{"embeddable":true,"href":"https:\/\/zonaroja.com.mx\/index.php?rest_route=\/wp\/v2\/media\/46898"}],"wp:attachment":[{"href":"https:\/\/zonaroja.com.mx\/index.php?rest_route=%2Fwp%2Fv2%2Fmedia&parent=46897"}],"wp:term":[{"taxonomy":"category","embeddable":true,"href":"https:\/\/zonaroja.com.mx\/index.php?rest_route=%2Fwp%2Fv2%2Fcategories&post=46897"},{"taxonomy":"post_tag","embeddable":true,"href":"https:\/\/zonaroja.com.mx\/index.php?rest_route=%2Fwp%2Fv2%2Ftags&post=46897"}],"curies":[{"name":"wp","href":"https:\/\/api.w.org\/{rel}","templated":true}]}}