{"id":46900,"date":"2022-10-14T09:00:00","date_gmt":"2022-10-14T14:00:00","guid":{"rendered":"http:\/\/www.zonaroja.com.mx\/?p=46900"},"modified":"2022-10-14T06:47:56","modified_gmt":"2022-10-14T11:47:56","slug":"dice-el-mult-que-si-esta-dispuesto-al-dialogo-para-pacificar-zona-triqui","status":"publish","type":"post","link":"https:\/\/zonaroja.com.mx\/?p=46900","title":{"rendered":"Dice el MULT que s\u00ed est\u00e1 dispuesto al di\u00e1logo para pacificar zona Triqui"},"content":{"rendered":"\n<p>Ismael Garc\u00eda M.\/Zona Roja.<\/p>\n\n\n\n<p>Oaxaca de Ju\u00e1rez, Oax., a 14 de octubre de 2022.- El Movimiento de Unificaci\u00f3n y Lucha Triqui rechaz\u00f3 los se\u00f1alamientos de su contraparte el MULTI y asegur\u00f3 que est\u00e1 dispuesto al di\u00e1logo para lograr la pacificaci\u00f3n en la zona Triqui.<\/p>\n\n\n\n<p>Ayer, el MULTI lament\u00f3 que la v\u00edspera se haya roto la mesa de di\u00e1logo en la sede de la Secretar\u00eda General de Gobierno, para el retorno de 143 familias a Tierra Blanca Copala, Santiago Juxtlahuaca, y dijo que fue por irresponsabilidad del MULT.<\/p>\n\n\n\n<p>\u201cLa Coordinaci\u00f3n Pol\u00edtica Colectiva del MULT ha retomado con mucha seriedad el tema del retorno seguro de los autodesplazados de Tierra Blanca; es importante mencionar que es un proceso complejo que debemos construir juntos y con responsabilidad de las partes afectadas\u201d, respondi\u00f3 la organizaci\u00f3n en un comunicado.<\/p>\n\n\n\n<p>Indic\u00f3 que la exigencia del MULT es clara, que se haga justicia por los ca\u00eddos y las mujeres lesionadas despu\u00e9s de la firma de los acuerdos en Gobernaci\u00f3n el 4 de mayo, \u201cpor ello exigimos la detenci\u00f3n inmediata de los autores materiales e intelectuales de los asesinatos y de las emboscadas y as\u00ed crear las condiciones necesarias para el pronto retorno y seguro de las hermanas y hermanos de Tierra Blanca\u201d.<\/p>\n\n\n\n<p>Reproch\u00f3 al MULTI ser generador de la violencia en la zona Triqui, regi\u00f3n Mixteca del estado, y le demand\u00f3 seriedad y respeto al pacto de no agresi\u00f3n firmado el pasado 4 de mayo.<\/p>\n\n\n\n<p>\u201cAl gobierno federal y estatal le exigimos en\u00e9rgicamente tomar con responsabilidad la mesa de paz, y cumplir con el compromiso de tener seguridad en los puntos acordados en las \u00faltimas pl\u00e1ticas. El MULT siempre estar\u00e1 a favor de la paz y progreso de la naci\u00f3n Triqui\u201d, abund\u00f3 en su comunicado.<\/p>\n","protected":false},"excerpt":{"rendered":"<p>Ismael Garc\u00eda M.\/Zona Roja. Oaxaca de Ju\u00e1rez, Oax., a 14 de octubre de 2022.- El&hellip;<\/p>\n","protected":false},"author":2,"featured_media":29765,"comment_status":"closed","ping_status":"open","sticky":false,"template":"","format":"standard","meta":{"_lmt_disableupdate":"","_lmt_disable":"","_jetpack_memberships_contains_paid_content":false,"footnotes":""},"categories":[109,47],"tags":[1712],"class_list":["post-46900","post","type-post","status-publish","format-standard","has-post-thumbnail","hentry","category-minuto-a-minuto","category-zona-gris","tag-tierra-blanca-copala"],"jetpack_featured_media_url":"https:\/\/zonaroja.com.mx\/wp-content\/uploads\/2021\/07\/Movimiento-de-Unificacion-y-Lucha-Triqui-MULT.jpg","jetpack_sharing_enabled":true,"_links":{"self":[{"href":"https:\/\/zonaroja.com.mx\/index.php?rest_route=\/wp\/v2\/posts\/46900","targetHints":{"allow":["GET"]}}],"collection":[{"href":"https:\/\/zonaroja.com.mx\/index.php?rest_route=\/wp\/v2\/posts"}],"about":[{"href":"https:\/\/zonaroja.com.mx\/index.php?rest_route=\/wp\/v2\/types\/post"}],"author":[{"embeddable":true,"href":"https:\/\/zonaroja.com.mx\/index.php?rest_route=\/wp\/v2\/users\/2"}],"replies":[{"embeddable":true,"href":"https:\/\/zonaroja.com.mx\/index.php?rest_route=%2Fwp%2Fv2%2Fcomments&post=46900"}],"version-history":[{"count":1,"href":"https:\/\/zonaroja.com.mx\/index.php?rest_route=\/wp\/v2\/posts\/46900\/revisions"}],"predecessor-version":[{"id":46901,"href":"https:\/\/zonaroja.com.mx\/index.php?rest_route=\/wp\/v2\/posts\/46900\/revisions\/46901"}],"wp:featuredmedia":[{"embeddable":true,"href":"https:\/\/zonaroja.com.mx\/index.php?rest_route=\/wp\/v2\/media\/29765"}],"wp:attachment":[{"href":"https:\/\/zonaroja.com.mx\/index.php?rest_route=%2Fwp%2Fv2%2Fmedia&parent=46900"}],"wp:term":[{"taxonomy":"category","embeddable":true,"href":"https:\/\/zonaroja.com.mx\/index.php?rest_route=%2Fwp%2Fv2%2Fcategories&post=46900"},{"taxonomy":"post_tag","embeddable":true,"href":"https:\/\/zonaroja.com.mx\/index.php?rest_route=%2Fwp%2Fv2%2Ftags&post=46900"}],"curies":[{"name":"wp","href":"https:\/\/api.w.org\/{rel}","templated":true}]}}