{"id":46902,"date":"2022-10-14T07:22:02","date_gmt":"2022-10-14T12:22:02","guid":{"rendered":"http:\/\/www.zonaroja.com.mx\/?p=46902"},"modified":"2022-10-14T07:22:04","modified_gmt":"2022-10-14T12:22:04","slug":"detienen-a-individuo-de-guerrero-con-fusil-r15-en-la-mixteca-oaxaquena","status":"publish","type":"post","link":"https:\/\/zonaroja.com.mx\/?p=46902","title":{"rendered":"Detienen a individuo de Guerrero con fusil R15 en la Mixteca oaxaque\u00f1a"},"content":{"rendered":"\n<p>Redacci\u00f3n\/Zona Roja.<\/p>\n\n\n\n<p>Oaxaca de Ju\u00e1rez, Oax., a 14 de octubre de 202.- Un individuo originario del estado de Guerrero fue detenido en San Sebasti\u00e1n Tecomaxtlahuaca, en posesi\u00f3n de un arma larga, cartuchos y dinero en efectivo, report\u00f3 la Secretar\u00eda de Seguridad P\u00fablica de Oaxaca.<\/p>\n\n\n\n<p>El sujeto se identific\u00f3 como como Alfredo \u201cNN\u201d y se le decomis\u00f3 un fusil AR-15, un cargador y una caja con cartuchos \u00fatiles; as\u00ed como, credenciales y dinero en efectivo.<\/p>\n\n\n\n<p>Conduc\u00eda un veh\u00edculo tipo Tsuru, color blanco con placas de circulaci\u00f3n del Estado de M\u00e9xico y se desconoce el motivo por el que el individuo portaba est\u00e1 arma de alto calibre, la cu\u00e1l pudo utilizar para cometer delitos o hasta un homicidio.<\/p>\n\n\n\n<p>Por lo que fue puesto a disposici\u00f3n de las autoridades ministeriales para definir su situaci\u00f3n jur\u00eddica.<\/p>\n\n\n\n<p>CON CARRO ROBADO<\/p>\n\n\n\n<p>Por otra parte, la Secretar\u00eda de Seguridad P\u00fablica dio a conocer que personal de la Polic\u00eda Estatal realiz\u00f3 la detenci\u00f3n de dos personas por posesi\u00f3n de arma de fuego sin el permiso correspondiente y un veh\u00edculo robado en San Baltazar Loxicha.&nbsp;<\/p>\n\n\n\n<p>De acuerdo al reporte policial, los detenidos fueron identificados como Gonzalo \u201cNN\u201d y Yeimi \u201cNN\u201d, a quienes se les fue decomisada un arma de fuego, tipo escuadra, calibre 9mm con un cargador met\u00e1lico y 11 cartuchos \u00fatiles.&nbsp;<\/p>\n\n\n\n<p>Asimismo, entre sus pertenencias les fue localizado dinero en efectivo y la camioneta marca Mazda, color rojo, con placas de circulaci\u00f3n del estado de Guerrero, en la que viajaban contaba con reporte de robo vigente.&nbsp;<\/p>\n\n\n\n<p>Por los hechos antes mencionados, fueron puestos a disposici\u00f3n de las autoridades correspondientes para los efectos legales que haya lugar.<\/p>\n","protected":false},"excerpt":{"rendered":"<p>Redacci\u00f3n\/Zona Roja. Oaxaca de Ju\u00e1rez, Oax., a 14 de octubre de 202.- Un individuo originario&hellip;<\/p>\n","protected":false},"author":2,"featured_media":46904,"comment_status":"closed","ping_status":"open","sticky":false,"template":"","format":"standard","meta":{"_lmt_disableupdate":"","_lmt_disable":"","_jetpack_memberships_contains_paid_content":false,"footnotes":""},"categories":[109,46],"tags":[1421],"class_list":["post-46902","post","type-post","status-publish","format-standard","has-post-thumbnail","hentry","category-minuto-a-minuto","category-zona-blanca","tag-secretaria-de-seguridad-publica-de-oaxaca-sspo"],"jetpack_featured_media_url":"https:\/\/zonaroja.com.mx\/wp-content\/uploads\/2022\/10\/Detenidos-armados-SSPO.jpg","jetpack_sharing_enabled":true,"_links":{"self":[{"href":"https:\/\/zonaroja.com.mx\/index.php?rest_route=\/wp\/v2\/posts\/46902","targetHints":{"allow":["GET"]}}],"collection":[{"href":"https:\/\/zonaroja.com.mx\/index.php?rest_route=\/wp\/v2\/posts"}],"about":[{"href":"https:\/\/zonaroja.com.mx\/index.php?rest_route=\/wp\/v2\/types\/post"}],"author":[{"embeddable":true,"href":"https:\/\/zonaroja.com.mx\/index.php?rest_route=\/wp\/v2\/users\/2"}],"replies":[{"embeddable":true,"href":"https:\/\/zonaroja.com.mx\/index.php?rest_route=%2Fwp%2Fv2%2Fcomments&post=46902"}],"version-history":[{"count":1,"href":"https:\/\/zonaroja.com.mx\/index.php?rest_route=\/wp\/v2\/posts\/46902\/revisions"}],"predecessor-version":[{"id":46905,"href":"https:\/\/zonaroja.com.mx\/index.php?rest_route=\/wp\/v2\/posts\/46902\/revisions\/46905"}],"wp:featuredmedia":[{"embeddable":true,"href":"https:\/\/zonaroja.com.mx\/index.php?rest_route=\/wp\/v2\/media\/46904"}],"wp:attachment":[{"href":"https:\/\/zonaroja.com.mx\/index.php?rest_route=%2Fwp%2Fv2%2Fmedia&parent=46902"}],"wp:term":[{"taxonomy":"category","embeddable":true,"href":"https:\/\/zonaroja.com.mx\/index.php?rest_route=%2Fwp%2Fv2%2Fcategories&post=46902"},{"taxonomy":"post_tag","embeddable":true,"href":"https:\/\/zonaroja.com.mx\/index.php?rest_route=%2Fwp%2Fv2%2Ftags&post=46902"}],"curies":[{"name":"wp","href":"https:\/\/api.w.org\/{rel}","templated":true}]}}