{"id":46906,"date":"2022-10-14T07:23:38","date_gmt":"2022-10-14T12:23:38","guid":{"rendered":"http:\/\/www.zonaroja.com.mx\/?p=46906"},"modified":"2022-10-14T07:23:40","modified_gmt":"2022-10-14T12:23:40","slug":"convoca-poder-judicial-a-taller-en-linea-sobre-liderazgo-transformador","status":"publish","type":"post","link":"https:\/\/zonaroja.com.mx\/?p=46906","title":{"rendered":"Convoca Poder Judicial a taller en l\u00ednea sobre liderazgo transformador"},"content":{"rendered":"\n<p>Redacci\u00f3n\/Zona Roja.<\/p>\n\n\n\n<p>Oaxaca de Ju\u00e1rez, Oax., a 14 de octubre de 2022.- El Poder Judicial del Estado convoca al personal que labora en el Tribunal Superior de Justicia y en el Consejo de la Judicatura, al&nbsp;taller&nbsp;en l\u00ednea \u201cLiderazgo transformador y comunicaci\u00f3n asertiva: C\u00f3mo blindar instituciones\u201d, que se impartir\u00e1 del 17 al 20 de octubre pr\u00f3ximo, en un horario de 17:00 a 20:00 horas.&nbsp;<\/p>\n\n\n\n<p>De acuerdo con especialistas, la comunicaci\u00f3n asertiva es importante en el liderazgo porque ayuda a establecer y mantener un buen clima laboral.&nbsp;<\/p>\n\n\n\n<p>Los l\u00edderes que comunican de manera asertiva son capaces de crear un ambiente de respeto y confianza, lo que a su vez fomenta el trabajo en equipo y el desarrollo de un buen esp\u00edritu de colaboraci\u00f3n.<\/p>\n\n\n\n<p>El proceso de registro para el curso se encuentra abierto y se puede realizar a trav\u00e9s de un formulario que se encuentra en las redes sociales del Tribunal Superior de Justicia o de manera directa en:&nbsp;https:\/\/docs.google.com\/forms\/d\/e\/1FAIpQLSc6pWlRFtRFDnrNuS0EBFKGqo7oqzqKR7mgXXQlyy5-Cmon8g\/viewform.&nbsp;<\/p>\n\n\n\n<p>Entre los temas que se abordar\u00e1n se encuentran \u00bfQu\u00e9 es el liderazgo y qu\u00e9 es ser l\u00edder?, Habilidades del liderazgo, Comunicaci\u00f3n asertiva y Ejemplaridad p\u00fablica, as\u00ed como t\u00e9cnicas de comunicaci\u00f3n que permitir\u00e1n a las y los participantes mejorar&nbsp;patrones de comportamiento por un enfoque m\u00e1s positivo a la hora de trabajar.<\/p>\n\n\n\n<p>En las actividades que mejoren la funci\u00f3n jurisdiccional, la administraci\u00f3n del magistrado Eduardo Pinacho S\u00e1nchez&nbsp;promueve la capacitaci\u00f3n en&nbsp;temas de desarrollo humano, liderazgo en el servicio, inteligencia emocional en el trabajo y fortalecimiento del entorno laboral, que coadyuven en una atenci\u00f3n de calidad a la sociedad.<\/p>\n","protected":false},"excerpt":{"rendered":"<p>Redacci\u00f3n\/Zona Roja. Oaxaca de Ju\u00e1rez, Oax., a 14 de octubre de 2022.- El Poder Judicial&hellip;<\/p>\n","protected":false},"author":2,"featured_media":40842,"comment_status":"closed","ping_status":"open","sticky":false,"template":"","format":"standard","meta":{"_lmt_disableupdate":"","_lmt_disable":"","_jetpack_memberships_contains_paid_content":false,"footnotes":""},"categories":[109,46],"tags":[223],"class_list":["post-46906","post","type-post","status-publish","format-standard","has-post-thumbnail","hentry","category-minuto-a-minuto","category-zona-blanca","tag-poder-judicial-de-oaxaca"],"jetpack_featured_media_url":"https:\/\/zonaroja.com.mx\/wp-content\/uploads\/2022\/05\/Capacitacion-Tribunal-en-linea-poder-Judicial.jpg","jetpack_sharing_enabled":true,"_links":{"self":[{"href":"https:\/\/zonaroja.com.mx\/index.php?rest_route=\/wp\/v2\/posts\/46906","targetHints":{"allow":["GET"]}}],"collection":[{"href":"https:\/\/zonaroja.com.mx\/index.php?rest_route=\/wp\/v2\/posts"}],"about":[{"href":"https:\/\/zonaroja.com.mx\/index.php?rest_route=\/wp\/v2\/types\/post"}],"author":[{"embeddable":true,"href":"https:\/\/zonaroja.com.mx\/index.php?rest_route=\/wp\/v2\/users\/2"}],"replies":[{"embeddable":true,"href":"https:\/\/zonaroja.com.mx\/index.php?rest_route=%2Fwp%2Fv2%2Fcomments&post=46906"}],"version-history":[{"count":1,"href":"https:\/\/zonaroja.com.mx\/index.php?rest_route=\/wp\/v2\/posts\/46906\/revisions"}],"predecessor-version":[{"id":46907,"href":"https:\/\/zonaroja.com.mx\/index.php?rest_route=\/wp\/v2\/posts\/46906\/revisions\/46907"}],"wp:featuredmedia":[{"embeddable":true,"href":"https:\/\/zonaroja.com.mx\/index.php?rest_route=\/wp\/v2\/media\/40842"}],"wp:attachment":[{"href":"https:\/\/zonaroja.com.mx\/index.php?rest_route=%2Fwp%2Fv2%2Fmedia&parent=46906"}],"wp:term":[{"taxonomy":"category","embeddable":true,"href":"https:\/\/zonaroja.com.mx\/index.php?rest_route=%2Fwp%2Fv2%2Fcategories&post=46906"},{"taxonomy":"post_tag","embeddable":true,"href":"https:\/\/zonaroja.com.mx\/index.php?rest_route=%2Fwp%2Fv2%2Ftags&post=46906"}],"curies":[{"name":"wp","href":"https:\/\/api.w.org\/{rel}","templated":true}]}}