{"id":46910,"date":"2022-10-14T07:31:28","date_gmt":"2022-10-14T12:31:28","guid":{"rendered":"http:\/\/www.zonaroja.com.mx\/?p=46910"},"modified":"2022-10-14T07:31:29","modified_gmt":"2022-10-14T12:31:29","slug":"fiscalia-de-oaxaca-segob-y-embajada-de-finlandia-dan-seguimiento-a-caso-jyri","status":"publish","type":"post","link":"https:\/\/zonaroja.com.mx\/?p=46910","title":{"rendered":"Fiscal\u00eda de Oaxaca, Segob y embajada de Finlandia dan seguimiento a caso Jyri"},"content":{"rendered":"\n<p>Redacci\u00f3n\/Zona Roja.<\/p>\n\n\n\n<p>Oaxaca de Ju\u00e1rez, Oax., a 14 de octubre de 2022.- El Fiscal General del Estado de Oaxaca, Arturo Peimbert Calvo, sostuvo -este jueves 13 de octubre- una reuni\u00f3n con la Embajadora de Finlandia en M\u00e9xico, P\u00e4ivi Pohjanheimo, as\u00ed como con el subsecretario de Derechos Humanos, Poblaci\u00f3n y Migraci\u00f3n de la Secretar\u00eda de Gobernaci\u00f3n, Alejandro Encinas, para dar seguimiento a las investigaciones en torno a los homicidios de Bety Cari\u00f1o y Jyri Jaakkola -este \u00faltimo de nacionalidad finlandesa y observador internacional-, ocurridos en abril de 2010, en San Juan Copala, en la regi\u00f3n de la Mixteca.<\/p>\n\n\n\n<p>Previamente, el pasado 11 de octubre, en la ciudad de Oaxaca, Arturo Peimbert Calvo se reuni\u00f3 con Franziska Keller, Copresidenta del Grupo de los Verdes\/Alianza Libre Europea, y Anna Cavazzini, Diputadas y miembros del Parlamento Europeo, a quienes present\u00f3 las acciones de seguimiento en materia de procuraci\u00f3n de justicia sobre este caso.&nbsp;<\/p>\n\n\n\n<p>A lo largo de la presente administraci\u00f3n, desde la Fiscal\u00eda General del Estado de Oaxaca (FGEO) se ha dado puntual seguimiento a casos de agresiones contra personas defensoras de derechos humanos en la entidad, hasta agotar las l\u00edneas de investigaci\u00f3n que permitan el acceso a la justicia de las v\u00edctimas.&nbsp;<\/p>\n\n\n\n<p>Asimismo, colabora activa y bilateralmente con las embajadas que tienen presencia en M\u00e9xico y con sus diplom\u00e1ticos.<\/p>\n\n\n\n<p>La Fiscal\u00eda de Oaxaca reafirma su compromiso de hacer valer la Ley, velando por la protecci\u00f3n y la defensa de los derechos humanos de la ciudadan\u00eda.<\/p>\n\n\n\n<p>(Comunicado)<\/p>\n","protected":false},"excerpt":{"rendered":"<p>Redacci\u00f3n\/Zona Roja. Oaxaca de Ju\u00e1rez, Oax., a 14 de octubre de 2022.- El Fiscal General&hellip;<\/p>\n","protected":false},"author":2,"featured_media":46911,"comment_status":"closed","ping_status":"open","sticky":false,"template":"","format":"standard","meta":{"_lmt_disableupdate":"","_lmt_disable":"","_jetpack_memberships_contains_paid_content":false,"footnotes":""},"categories":[109,46],"tags":[494],"class_list":["post-46910","post","type-post","status-publish","format-standard","has-post-thumbnail","hentry","category-minuto-a-minuto","category-zona-blanca","tag-fiscalia-general-del-estado-de-oaxaca"],"jetpack_featured_media_url":"https:\/\/zonaroja.com.mx\/wp-content\/uploads\/2022\/10\/Fiscalia-Segob-caso-Jyri.jpeg","jetpack_sharing_enabled":true,"_links":{"self":[{"href":"https:\/\/zonaroja.com.mx\/index.php?rest_route=\/wp\/v2\/posts\/46910","targetHints":{"allow":["GET"]}}],"collection":[{"href":"https:\/\/zonaroja.com.mx\/index.php?rest_route=\/wp\/v2\/posts"}],"about":[{"href":"https:\/\/zonaroja.com.mx\/index.php?rest_route=\/wp\/v2\/types\/post"}],"author":[{"embeddable":true,"href":"https:\/\/zonaroja.com.mx\/index.php?rest_route=\/wp\/v2\/users\/2"}],"replies":[{"embeddable":true,"href":"https:\/\/zonaroja.com.mx\/index.php?rest_route=%2Fwp%2Fv2%2Fcomments&post=46910"}],"version-history":[{"count":1,"href":"https:\/\/zonaroja.com.mx\/index.php?rest_route=\/wp\/v2\/posts\/46910\/revisions"}],"predecessor-version":[{"id":46912,"href":"https:\/\/zonaroja.com.mx\/index.php?rest_route=\/wp\/v2\/posts\/46910\/revisions\/46912"}],"wp:featuredmedia":[{"embeddable":true,"href":"https:\/\/zonaroja.com.mx\/index.php?rest_route=\/wp\/v2\/media\/46911"}],"wp:attachment":[{"href":"https:\/\/zonaroja.com.mx\/index.php?rest_route=%2Fwp%2Fv2%2Fmedia&parent=46910"}],"wp:term":[{"taxonomy":"category","embeddable":true,"href":"https:\/\/zonaroja.com.mx\/index.php?rest_route=%2Fwp%2Fv2%2Fcategories&post=46910"},{"taxonomy":"post_tag","embeddable":true,"href":"https:\/\/zonaroja.com.mx\/index.php?rest_route=%2Fwp%2Fv2%2Ftags&post=46910"}],"curies":[{"name":"wp","href":"https:\/\/api.w.org\/{rel}","templated":true}]}}