{"id":46917,"date":"2022-10-14T10:59:00","date_gmt":"2022-10-14T15:59:00","guid":{"rendered":"http:\/\/www.zonaroja.com.mx\/?p=46917"},"modified":"2022-10-14T08:00:35","modified_gmt":"2022-10-14T13:00:35","slug":"frena-un-juez-pase-de-la-guardia-nacional-a-la-sedena","status":"publish","type":"post","link":"https:\/\/zonaroja.com.mx\/?p=46917","title":{"rendered":"Frena un juez pase de la Guardia Nacional a la Sedena"},"content":{"rendered":"\n<p>Redacci\u00f3n\/Zona Roja Cdmx.<\/p>\n\n\n\n<p>Ciudad de M\u00e9xico, a 14 de octubre de 2022.- El Juzgado Noveno del D\u00e9cimo Sexto Circuito concedi\u00f3 la primera suspensi\u00f3n provisional contra el decreto presidencial que establece la incorporaci\u00f3n de la Guardia Nacional a la Secretar\u00eda de la Defensa Nacional (Sedena).<\/p>\n\n\n\n<p>La demanda de amparo fue promovida por diversas organizaciones de la sociedad civil, de acuerdo con un comunicado de la organizaci\u00f3n civil Uniendo Caminos M\u00e9xico.<\/p>\n\n\n\n<p>Detall\u00f3 que otras organizaciones como Uni\u00f3n C\u00edvica 1Pa\u00eds, Firma Jur\u00eddica, AC&amp;AC Asociados, Tojil Eek, en conjunto con la participaci\u00f3n de la sociedad civil, interpusieron 53 amparos colectivos en contra del citado decreto presidencial.<\/p>\n\n\n\n<p>\u201cLa militarizaci\u00f3n de la seguridad p\u00fablica no es la soluci\u00f3n\u201d, se\u00f1ala.<\/p>\n\n\n\n<p>El juez fij\u00f3 para el pr\u00f3ximo 7 de noviembre la audiencia constitucional en la que se determinar\u00e1 si se concede o no la suspensi\u00f3n definitiva.<\/p>\n\n\n\n<p>(Informaci\u00f3n de \u201cExc\u00e9lsior\u201d)<\/p>\n","protected":false},"excerpt":{"rendered":"<p>Redacci\u00f3n\/Zona Roja Cdmx. Ciudad de M\u00e9xico, a 14 de octubre de 2022.- El Juzgado Noveno&hellip;<\/p>\n","protected":false},"author":2,"featured_media":45424,"comment_status":"closed","ping_status":"open","sticky":false,"template":"","format":"standard","meta":{"_lmt_disableupdate":"","_lmt_disable":"","_jetpack_memberships_contains_paid_content":false,"footnotes":""},"categories":[109,47],"tags":[278],"class_list":["post-46917","post","type-post","status-publish","format-standard","has-post-thumbnail","hentry","category-minuto-a-minuto","category-zona-gris","tag-guardia-nacional"],"jetpack_featured_media_url":"https:\/\/zonaroja.com.mx\/wp-content\/uploads\/2022\/09\/Guardia-Nacional-y-militares-en-las-calles.jpeg","jetpack_sharing_enabled":true,"_links":{"self":[{"href":"https:\/\/zonaroja.com.mx\/index.php?rest_route=\/wp\/v2\/posts\/46917","targetHints":{"allow":["GET"]}}],"collection":[{"href":"https:\/\/zonaroja.com.mx\/index.php?rest_route=\/wp\/v2\/posts"}],"about":[{"href":"https:\/\/zonaroja.com.mx\/index.php?rest_route=\/wp\/v2\/types\/post"}],"author":[{"embeddable":true,"href":"https:\/\/zonaroja.com.mx\/index.php?rest_route=\/wp\/v2\/users\/2"}],"replies":[{"embeddable":true,"href":"https:\/\/zonaroja.com.mx\/index.php?rest_route=%2Fwp%2Fv2%2Fcomments&post=46917"}],"version-history":[{"count":1,"href":"https:\/\/zonaroja.com.mx\/index.php?rest_route=\/wp\/v2\/posts\/46917\/revisions"}],"predecessor-version":[{"id":46918,"href":"https:\/\/zonaroja.com.mx\/index.php?rest_route=\/wp\/v2\/posts\/46917\/revisions\/46918"}],"wp:featuredmedia":[{"embeddable":true,"href":"https:\/\/zonaroja.com.mx\/index.php?rest_route=\/wp\/v2\/media\/45424"}],"wp:attachment":[{"href":"https:\/\/zonaroja.com.mx\/index.php?rest_route=%2Fwp%2Fv2%2Fmedia&parent=46917"}],"wp:term":[{"taxonomy":"category","embeddable":true,"href":"https:\/\/zonaroja.com.mx\/index.php?rest_route=%2Fwp%2Fv2%2Fcategories&post=46917"},{"taxonomy":"post_tag","embeddable":true,"href":"https:\/\/zonaroja.com.mx\/index.php?rest_route=%2Fwp%2Fv2%2Ftags&post=46917"}],"curies":[{"name":"wp","href":"https:\/\/api.w.org\/{rel}","templated":true}]}}