{"id":46922,"date":"2022-10-14T17:36:41","date_gmt":"2022-10-14T22:36:41","guid":{"rendered":"http:\/\/www.zonaroja.com.mx\/?p=46922"},"modified":"2022-10-14T17:36:42","modified_gmt":"2022-10-14T22:36:42","slug":"ejecutan-a-un-empresario-y-a-un-enfermero-en-miahuatlan-oaxaca","status":"publish","type":"post","link":"https:\/\/zonaroja.com.mx\/?p=46922","title":{"rendered":"Ejecutan a un empresario y a un enfermero en Miahuatl\u00e1n, Oaxaca"},"content":{"rendered":"\n<p>Ismael Garc\u00eda M.\/Zona Roja.<\/p>\n\n\n\n<p>Oaxaca de Ju\u00e1rez, Oax., a 14 de octubre de 2022.- Dos personas del sexo masculino fueron ejecutadas a balazos este viernes en Miahuatl\u00e1n de Porfirio D\u00edaz, municipio de la regi\u00f3n Sierra Sur de Oaxaca; hasta ahora se descarta que haya una v\u00edctima femenina.<\/p>\n\n\n\n<p>Los hechos sucedieron alrededor de las 13:00 horas sobre la carretera federal 175, aproximadamente en el kil\u00f3metro 96, en que las dos personas fueron atacadas a balazos en el interior de un veh\u00edculo marca Seat tipo Le\u00f3n, con placas de circulaci\u00f3n TLT-5547.<\/p>\n\n\n\n<p>En el sitio muri\u00f3 Eriberto L., de 40 a\u00f1os de edad, originario de Miahuatl\u00e1n y de profesi\u00f3n enfermero del IMSS; mientras que a un hospital fue llevado Ezequiel H. L., de 50 a\u00f1os, empresario gasolinero, quien muri\u00f3 cuando recib\u00eda atenci\u00f3n m\u00e9dica.<\/p>\n\n\n\n<p>Hasta el momento no hay reportes de personas detenidas; Miahuatl\u00e1n es gobernado por un edil surgido del Partido Unidad Popular, Jos\u00e9 Alberto Mart\u00ednez Luna, hijo de quien fuera dirigente regional del Frente Popular Revolucionario (FPR), ultimado en la zona metropolitana de la ciudad de Oaxaca.<\/p>\n\n\n\n<p>La Fiscal\u00eda General del Estado de Oaxaca inici\u00f3 la Carpeta de Investigaci\u00f3n correspondiente.<\/p>\n","protected":false},"excerpt":{"rendered":"<p>Ismael Garc\u00eda M.\/Zona Roja. Oaxaca de Ju\u00e1rez, Oax., a 14 de octubre de 2022.- Dos&hellip;<\/p>\n","protected":false},"author":2,"featured_media":46923,"comment_status":"closed","ping_status":"open","sticky":false,"template":"","format":"standard","meta":{"_lmt_disableupdate":"","_lmt_disable":"","_jetpack_memberships_contains_paid_content":false,"footnotes":""},"categories":[51],"tags":[169],"class_list":["post-46922","post","type-post","status-publish","format-standard","has-post-thumbnail","hentry","category-zona-roja","tag-miahuatlan-de-porfirio-diaz"],"jetpack_featured_media_url":"https:\/\/zonaroja.com.mx\/wp-content\/uploads\/2022\/10\/Asesinados-Miahuatlan-de-Porfirio-Diaz.jpg","jetpack_sharing_enabled":true,"_links":{"self":[{"href":"https:\/\/zonaroja.com.mx\/index.php?rest_route=\/wp\/v2\/posts\/46922","targetHints":{"allow":["GET"]}}],"collection":[{"href":"https:\/\/zonaroja.com.mx\/index.php?rest_route=\/wp\/v2\/posts"}],"about":[{"href":"https:\/\/zonaroja.com.mx\/index.php?rest_route=\/wp\/v2\/types\/post"}],"author":[{"embeddable":true,"href":"https:\/\/zonaroja.com.mx\/index.php?rest_route=\/wp\/v2\/users\/2"}],"replies":[{"embeddable":true,"href":"https:\/\/zonaroja.com.mx\/index.php?rest_route=%2Fwp%2Fv2%2Fcomments&post=46922"}],"version-history":[{"count":1,"href":"https:\/\/zonaroja.com.mx\/index.php?rest_route=\/wp\/v2\/posts\/46922\/revisions"}],"predecessor-version":[{"id":46924,"href":"https:\/\/zonaroja.com.mx\/index.php?rest_route=\/wp\/v2\/posts\/46922\/revisions\/46924"}],"wp:featuredmedia":[{"embeddable":true,"href":"https:\/\/zonaroja.com.mx\/index.php?rest_route=\/wp\/v2\/media\/46923"}],"wp:attachment":[{"href":"https:\/\/zonaroja.com.mx\/index.php?rest_route=%2Fwp%2Fv2%2Fmedia&parent=46922"}],"wp:term":[{"taxonomy":"category","embeddable":true,"href":"https:\/\/zonaroja.com.mx\/index.php?rest_route=%2Fwp%2Fv2%2Fcategories&post=46922"},{"taxonomy":"post_tag","embeddable":true,"href":"https:\/\/zonaroja.com.mx\/index.php?rest_route=%2Fwp%2Fv2%2Ftags&post=46922"}],"curies":[{"name":"wp","href":"https:\/\/api.w.org\/{rel}","templated":true}]}}