{"id":46925,"date":"2022-10-14T18:09:26","date_gmt":"2022-10-14T23:09:26","guid":{"rendered":"http:\/\/www.zonaroja.com.mx\/?p=46925"},"modified":"2022-10-14T18:09:28","modified_gmt":"2022-10-14T23:09:28","slug":"reprocha-nueva-conciencia-sindical-nula-defensa-de-trabajadores-del-gobierno","status":"publish","type":"post","link":"https:\/\/zonaroja.com.mx\/?p=46925","title":{"rendered":"Reprocha Nueva Conciencia Sindical nula defensa de trabajadores del gobierno"},"content":{"rendered":"\n<p>Yuridiana Sosa\/Zona Roja.<\/p>\n\n\n\n<p>Oaxaca de Ju\u00e1rez, Oax., a 14 de octubre de 2022.- Trabajadores del STPEIDCEO se\u00f1alaron su preocupaci\u00f3n ante las constantes retenciones que han vivido en las \u00faltimas semanas por manifestantes, y las cuales podr\u00edan continuar al final del sexenio, pues hasta ahora la Secretar\u00eda General de Gobierno (Segego) ha mostrado incapacidad de atenci\u00f3n con los grupos inconformes.<\/p>\n\n\n\n<p>Integrantes de la corriente Nueva Conciencia Sindical del Sindicato de Trabajadores de los Poderes del Estado e Instituciones Descentralizadas de Car\u00e1cter Estatal de Oaxaca apuntaron que los constantes agravios que han sufrido, con la privaci\u00f3n de su libertad dentro de los inmuebles, agresiones f\u00edsicas, amenazas y da\u00f1os a propiedad, son muestra de la falta de inter\u00e9s del gobierno por aplicar una pol\u00edtica que cuide de sus trabajadores.<\/p>\n\n\n\n<p>As\u00ed tambi\u00e9n, las retenciones han evidenciado el poco trabajo que ha realizado la nueva dirigencia sindical que encabeza el secretario General Pedro Castillejos Villalobos, pues los trabajadores han permanecido encerrados en los edificios de gobierno hasta ocho horas despu\u00e9s de su jornada laboral, con la zozobra de ser o no liberados o agredidos.<\/p>\n\n\n\n<p>Ante esta situaci\u00f3n, los bur\u00f3cratas demandaron al pr\u00f3ximo gobierno estatal de Salom\u00f3n Jara a garantizar las condiciones de seguridad para laborar, iniciando con atenciones oportunas y resolutivas a los manifestantes.<\/p>\n\n\n\n<p>En tanto, convocaron -en el marco del D\u00eda del Empleado a celebrarse en pr\u00f3ximos d\u00edas- a la base trabajadora a la unidad y a buscar una verdadera transformaci\u00f3n dentro de su sindicato.<\/p>\n\n\n\n<p>Encabezados por Virania Luis Santos, Manuel Redilla Segura, Jos\u00e9 Arturo S\u00e1nchez D\u00edaz, la corriente Nueva Conciencia Sindical apunt\u00f3 que desde hace varios a\u00f1os las dirigencias no informan con transparencia sobre sus cuotas y participaciones, as\u00ed como desde hace 15 a\u00f1os no se convoca a una asamblea general.<\/p>\n\n\n\n<p>Las omisiones y estancamiento en el gremio se demuestran con que desde hace una d\u00e9cada<\/p>\n\n\n\n<p>Los trabajadores de base del gobierno estatal han estado bajo un control sistem\u00e1tico que ha corrompido su democracia, pues las comisiones de Honor y Justicia, de Vigilancia y Electoral sigan siendo nombradas a sombra de un estatus de hace 40 a\u00f1os.<\/p>\n\n\n\n<p>En 2018 este grupo sindical present\u00f3 a la dirigencia una propuesta de reforma a los Estatutos, pero esta fue archivada, por lo que insistir\u00e1n en transformar la pol\u00edtica interna del sindicato a beneficio de todos.<\/p>\n\n\n\n<figure class=\"wp-block-embed is-type-rich is-provider-twitter wp-block-embed-twitter\"><div class=\"wp-block-embed__wrapper\">\n<div class=\"twitter-tweet\"><blockquote class=\"twitter-tweet\" data-lang=\"es\"><p lang=\"es\" dir=\"ltr\">3. Los integrantes de la Nueva Conciencia Sindical, en voz de Jos\u00e9 Arturo S\u00e1nchez, lamentaron tambi\u00e9n las continuas retenciones de trabajadoras en oficinas de gobierno por parte de organizaciones sociales y la escasa atenci\u00f3n de la dirigencia del <a href=\"https:\/\/twitter.com\/STPEIDCEO?ref_src=twsrc%5Etfw\">@STPEIDCEO<\/a> a esta problem\u00e1tica. <a href=\"https:\/\/t.co\/IFX0ZdktNf\">pic.twitter.com\/IFX0ZdktNf<\/a><\/p>&mdash; Zona Roja Oaxaca (@ZonaRoja_Oaxaca) <a href=\"https:\/\/twitter.com\/ZonaRoja_Oaxaca\/status\/1580982165139259394?ref_src=twsrc%5Etfw\">14 de octubre de 2022<\/a><\/blockquote><\/div>\n<\/div><\/figure>\n","protected":false},"excerpt":{"rendered":"<p>Yuridiana Sosa\/Zona Roja. Oaxaca de Ju\u00e1rez, Oax., a 14 de octubre de 2022.- Trabajadores del&hellip;<\/p>\n","protected":false},"author":2,"featured_media":46926,"comment_status":"closed","ping_status":"open","sticky":false,"template":"","format":"standard","meta":{"_lmt_disableupdate":"","_lmt_disable":"","_jetpack_memberships_contains_paid_content":false,"footnotes":""},"categories":[109,46],"tags":[3281,972],"class_list":["post-46925","post","type-post","status-publish","format-standard","has-post-thumbnail","hentry","category-minuto-a-minuto","category-zona-blanca","tag-nueva-conciencia-sindical","tag-stpeidceo"],"jetpack_featured_media_url":"https:\/\/zonaroja.com.mx\/wp-content\/uploads\/2022\/10\/Nueva-Conciencia-Sindicla-buroctratas-gobierno.jpg","jetpack_sharing_enabled":true,"_links":{"self":[{"href":"https:\/\/zonaroja.com.mx\/index.php?rest_route=\/wp\/v2\/posts\/46925","targetHints":{"allow":["GET"]}}],"collection":[{"href":"https:\/\/zonaroja.com.mx\/index.php?rest_route=\/wp\/v2\/posts"}],"about":[{"href":"https:\/\/zonaroja.com.mx\/index.php?rest_route=\/wp\/v2\/types\/post"}],"author":[{"embeddable":true,"href":"https:\/\/zonaroja.com.mx\/index.php?rest_route=\/wp\/v2\/users\/2"}],"replies":[{"embeddable":true,"href":"https:\/\/zonaroja.com.mx\/index.php?rest_route=%2Fwp%2Fv2%2Fcomments&post=46925"}],"version-history":[{"count":1,"href":"https:\/\/zonaroja.com.mx\/index.php?rest_route=\/wp\/v2\/posts\/46925\/revisions"}],"predecessor-version":[{"id":46927,"href":"https:\/\/zonaroja.com.mx\/index.php?rest_route=\/wp\/v2\/posts\/46925\/revisions\/46927"}],"wp:featuredmedia":[{"embeddable":true,"href":"https:\/\/zonaroja.com.mx\/index.php?rest_route=\/wp\/v2\/media\/46926"}],"wp:attachment":[{"href":"https:\/\/zonaroja.com.mx\/index.php?rest_route=%2Fwp%2Fv2%2Fmedia&parent=46925"}],"wp:term":[{"taxonomy":"category","embeddable":true,"href":"https:\/\/zonaroja.com.mx\/index.php?rest_route=%2Fwp%2Fv2%2Fcategories&post=46925"},{"taxonomy":"post_tag","embeddable":true,"href":"https:\/\/zonaroja.com.mx\/index.php?rest_route=%2Fwp%2Fv2%2Ftags&post=46925"}],"curies":[{"name":"wp","href":"https:\/\/api.w.org\/{rel}","templated":true}]}}