{"id":46928,"date":"2022-10-14T18:14:49","date_gmt":"2022-10-14T23:14:49","guid":{"rendered":"http:\/\/www.zonaroja.com.mx\/?p=46928"},"modified":"2022-10-14T18:14:50","modified_gmt":"2022-10-14T23:14:50","slug":"niegan-atencion-a-xochiltepec-y-protesta-en-la-capital-de-oaxaca","status":"publish","type":"post","link":"https:\/\/zonaroja.com.mx\/?p=46928","title":{"rendered":"Niegan atenci\u00f3n a Xochiltepec y protesta en la capital de Oaxaca"},"content":{"rendered":"\n<p>Yuridiana Sosa\/Zona Roja.<\/p>\n\n\n\n<p>Oaxaca de Ju\u00e1rez, Oax., 14 de octubre de 2022.- La comunidad ind\u00edgena de Santiago Xochiltepec, del municipio de Santiago Textitl\u00e1n, protest\u00f3 en la capital a fin de denunciar la omisi\u00f3n del gobierno de Oaxaca para frenar la violencia y para garantizar el desarrollo digno de la poblaci\u00f3n.<\/p>\n\n\n\n<p>Los habitantes instalaron un bloqueo frente a las oficinas del Instituto Nacional de Pueblos Ind\u00edgenas (INPI), en la colonia Reforma, para exigir atenci\u00f3n a sus diversas demandas, desde la entrega de recursos del ramo 28 y 33, hasta justicia y dar fin a un conflicto agrario entre su comunidad y la cabecera.<\/p>\n\n\n\n<p>El agente municipal de Xochiltepec, Yuviel Callejas, se\u00f1al\u00f3 que acuden ante la instancia federal por la negativa de la Secretar\u00eda General de Gobierno (Segego) de recibir a una comisi\u00f3n de la comunidad, y lo cual han solicitado desde hace varios meses con oficios y de manera presencial.<\/p>\n\n\n\n<p>Las condiciones de olvido y marginaci\u00f3n en esa comunidad serrana se agravan en un contexto de violencia que ha dejado en 27 muertos en los \u00faltimos 20 a\u00f1os, el m\u00e1s reciente asesinato a unos de sus habitantes ocurri\u00f3 el pasado 7 de octubre cuando desapareci\u00f3 y al d\u00eda siguiente fue localizado sin vida, con impactos de bala; del hecho responsabilizan a sus vecinos de la cabecera municipal.<\/p>\n\n\n\n<p>Los habitantes de esta comunidad recuerdan que el conflicto agrario tuvo su peor momento el 31 de mayo del a\u00f1o 2002, en el gobierno de Jos\u00e9 Murat. Integrantes de 26 de sus familiares fueron asesinados en una emboscada mientras viajaban en un cami\u00f3n tipo volteo en el Paraje Agua Fr\u00eda.<\/p>\n\n\n\n<p>La deuda de justicia por el hecho no ha llegado, as\u00ed como tampoco la justicia social por medio de ejecuci\u00f3n de obras como lo prometi\u00f3 el gobernador Alejandro Murat Hinojosa el pasado 17 de diciembre.<\/p>\n\n\n\n<p>En su visita, el mandatario prometi\u00f3 la construcci\u00f3n de una cocina comunitaria, de la que no se coloc\u00f3 ni la primera piedra; un techado de la cancha del plantel del Bachillerato Integral Comunitaria (BIC), ni los 600 metros de camino de concreto hidr\u00e1ulico para comunicar a tres al preescolar, la secundaria y el bachillerato; del parque municipal s\u00f3lo se puso la primera piedra.<\/p>\n\n\n\n<p>A menos de dos meses de que concluya el sexenio actual, los habitantes mantienen la urgencia de atenci\u00f3n para generar las condiciones para su comunidad, pues hay servicios como la compra de productos en la tienda Diconsa y tr\u00e1mites en Registro Civil que no pueden esperar a un cambio de administraci\u00f3n, pues estos se han visto afectados desde julio pasado.\u00a0<\/p>\n\n\n\n<figure class=\"wp-block-embed is-type-rich is-provider-twitter wp-block-embed-twitter\"><div class=\"wp-block-embed__wrapper\">\n<div class=\"twitter-tweet\"><blockquote class=\"twitter-tweet\" data-lang=\"es\"><p lang=\"es\" dir=\"ltr\">B) Son m\u00faltiples las demandas de justicia social por parte de Santiago Xochiltepec, cuya gente protest\u00f3 hoy en la capital oaxaque\u00f1a.<br>Pero tambi\u00e9n insisten en que la cabecera municipal les entregue los recursos que les corresponde. <a href=\"https:\/\/t.co\/3P8LigKfJ0\">pic.twitter.com\/3P8LigKfJ0<\/a><\/p>&mdash; Zona Roja Oaxaca (@ZonaRoja_Oaxaca) <a href=\"https:\/\/twitter.com\/ZonaRoja_Oaxaca\/status\/1581047778243117056?ref_src=twsrc%5Etfw\">14 de octubre de 2022<\/a><\/blockquote><\/div>\n<\/div><\/figure>\n","protected":false},"excerpt":{"rendered":"<p>Yuridiana Sosa\/Zona Roja. Oaxaca de Ju\u00e1rez, Oax., 14 de octubre de 2022.- La comunidad ind\u00edgena&hellip;<\/p>\n","protected":false},"author":2,"featured_media":46929,"comment_status":"closed","ping_status":"open","sticky":false,"template":"","format":"standard","meta":{"_lmt_disableupdate":"","_lmt_disable":"","_jetpack_memberships_contains_paid_content":false,"footnotes":""},"categories":[109,47],"tags":[2307],"class_list":["post-46928","post","type-post","status-publish","format-standard","has-post-thumbnail","hentry","category-minuto-a-minuto","category-zona-gris","tag-santiago-xochiltepec"],"jetpack_featured_media_url":"https:\/\/zonaroja.com.mx\/wp-content\/uploads\/2022\/10\/Protesta-Xochiltepec-en-Oaxaca.jpg","jetpack_sharing_enabled":true,"_links":{"self":[{"href":"https:\/\/zonaroja.com.mx\/index.php?rest_route=\/wp\/v2\/posts\/46928","targetHints":{"allow":["GET"]}}],"collection":[{"href":"https:\/\/zonaroja.com.mx\/index.php?rest_route=\/wp\/v2\/posts"}],"about":[{"href":"https:\/\/zonaroja.com.mx\/index.php?rest_route=\/wp\/v2\/types\/post"}],"author":[{"embeddable":true,"href":"https:\/\/zonaroja.com.mx\/index.php?rest_route=\/wp\/v2\/users\/2"}],"replies":[{"embeddable":true,"href":"https:\/\/zonaroja.com.mx\/index.php?rest_route=%2Fwp%2Fv2%2Fcomments&post=46928"}],"version-history":[{"count":1,"href":"https:\/\/zonaroja.com.mx\/index.php?rest_route=\/wp\/v2\/posts\/46928\/revisions"}],"predecessor-version":[{"id":46930,"href":"https:\/\/zonaroja.com.mx\/index.php?rest_route=\/wp\/v2\/posts\/46928\/revisions\/46930"}],"wp:featuredmedia":[{"embeddable":true,"href":"https:\/\/zonaroja.com.mx\/index.php?rest_route=\/wp\/v2\/media\/46929"}],"wp:attachment":[{"href":"https:\/\/zonaroja.com.mx\/index.php?rest_route=%2Fwp%2Fv2%2Fmedia&parent=46928"}],"wp:term":[{"taxonomy":"category","embeddable":true,"href":"https:\/\/zonaroja.com.mx\/index.php?rest_route=%2Fwp%2Fv2%2Fcategories&post=46928"},{"taxonomy":"post_tag","embeddable":true,"href":"https:\/\/zonaroja.com.mx\/index.php?rest_route=%2Fwp%2Fv2%2Ftags&post=46928"}],"curies":[{"name":"wp","href":"https:\/\/api.w.org\/{rel}","templated":true}]}}