{"id":46933,"date":"2022-10-15T07:30:00","date_gmt":"2022-10-15T12:30:00","guid":{"rendered":"http:\/\/www.zonaroja.com.mx\/?p=46933"},"modified":"2022-10-14T21:50:05","modified_gmt":"2022-10-15T02:50:05","slug":"participa-fiscalia-de-oaxaca-en-taller-de-atencion-a-victimas-de-secuestro","status":"publish","type":"post","link":"https:\/\/zonaroja.com.mx\/?p=46933","title":{"rendered":"Participa Fiscal\u00eda de Oaxaca en taller de atenci\u00f3n a v\u00edctimas de secuestro"},"content":{"rendered":"\n<p>Redacci\u00f3n\/Zona Roja.&nbsp;<\/p>\n\n\n\n<p>Oaxaca de Ju\u00e1rez, Oax., 15 de octubre de 2022.- Como parte del proceso de formaci\u00f3n y profesionalizaci\u00f3n en la Fiscal\u00eda General del Estado de Oaxaca (FGEO), personal de la Fiscal\u00eda Especializada para la Atenci\u00f3n a Delitos de Alto Impacto asisti\u00f3 al Taller \u201cAtenci\u00f3n a v\u00edctimas de secuestro durante el proceso de negociaci\u00f3n\u201d, el cual fue organizado por la Fiscal\u00eda General del Estado de Veracruz, llevado a cabo del 13 al 14 de octubre del presente a\u00f1o, en la capital de Veracruz.<\/p>\n\n\n\n<p>Este evento re\u00fane a mujeres y hombres que integran las Unidades Especializadas en el Combate al Secuestro (UECS) de la Zona Sureste (Campeche, Chiapas, Tabasco, Veracruz, Yucat\u00e1n y de Oaxaca). As\u00ed tambi\u00e9n estuvieron presentes los integrantes de la Polic\u00eda Ministerial Federal y de la Coordinaci\u00f3n Nacional Antisecuestro (Conase).<\/p>\n\n\n\n<p>El objetivo del taller es dotar a cada uno de las y los participantes de herramientas, habilidades y destrezas, a fin de consolidar la tendencia nacional a la baja del delito de secuestro y as\u00ed fortalecer la seguridad y paz en la ciudadan\u00eda.<\/p>\n\n\n\n<p>Cabe mencionar, por parte de la FGEO, asistieron elementos de la Agencia Estatal de Investigaciones (AEI), mismos que se encuentran adscritos a la Unidad Policial Especializada en el Combate al Secuestro.<\/p>\n\n\n\n<p>Con estas acciones, la Fiscal\u00eda General reitera que es una Instituci\u00f3n a la vanguardia, comprometida con brindar a la ciudadan\u00eda un mejor servicio en materia de procuraci\u00f3n de justicia.<\/p>\n","protected":false},"excerpt":{"rendered":"<p>Redacci\u00f3n\/Zona Roja.&nbsp; Oaxaca de Ju\u00e1rez, Oax., 15 de octubre de 2022.- Como parte del proceso&hellip;<\/p>\n","protected":false},"author":2,"featured_media":46934,"comment_status":"closed","ping_status":"open","sticky":false,"template":"","format":"standard","meta":{"_lmt_disableupdate":"","_lmt_disable":"","_jetpack_memberships_contains_paid_content":false,"footnotes":""},"categories":[109,46],"tags":[],"class_list":["post-46933","post","type-post","status-publish","format-standard","has-post-thumbnail","hentry","category-minuto-a-minuto","category-zona-blanca"],"jetpack_featured_media_url":"https:\/\/zonaroja.com.mx\/wp-content\/uploads\/2022\/10\/Fiscalia-de-Oaxaca-taller-en-Veracruz.jpeg","jetpack_sharing_enabled":true,"_links":{"self":[{"href":"https:\/\/zonaroja.com.mx\/index.php?rest_route=\/wp\/v2\/posts\/46933","targetHints":{"allow":["GET"]}}],"collection":[{"href":"https:\/\/zonaroja.com.mx\/index.php?rest_route=\/wp\/v2\/posts"}],"about":[{"href":"https:\/\/zonaroja.com.mx\/index.php?rest_route=\/wp\/v2\/types\/post"}],"author":[{"embeddable":true,"href":"https:\/\/zonaroja.com.mx\/index.php?rest_route=\/wp\/v2\/users\/2"}],"replies":[{"embeddable":true,"href":"https:\/\/zonaroja.com.mx\/index.php?rest_route=%2Fwp%2Fv2%2Fcomments&post=46933"}],"version-history":[{"count":1,"href":"https:\/\/zonaroja.com.mx\/index.php?rest_route=\/wp\/v2\/posts\/46933\/revisions"}],"predecessor-version":[{"id":46935,"href":"https:\/\/zonaroja.com.mx\/index.php?rest_route=\/wp\/v2\/posts\/46933\/revisions\/46935"}],"wp:featuredmedia":[{"embeddable":true,"href":"https:\/\/zonaroja.com.mx\/index.php?rest_route=\/wp\/v2\/media\/46934"}],"wp:attachment":[{"href":"https:\/\/zonaroja.com.mx\/index.php?rest_route=%2Fwp%2Fv2%2Fmedia&parent=46933"}],"wp:term":[{"taxonomy":"category","embeddable":true,"href":"https:\/\/zonaroja.com.mx\/index.php?rest_route=%2Fwp%2Fv2%2Fcategories&post=46933"},{"taxonomy":"post_tag","embeddable":true,"href":"https:\/\/zonaroja.com.mx\/index.php?rest_route=%2Fwp%2Fv2%2Ftags&post=46933"}],"curies":[{"name":"wp","href":"https:\/\/api.w.org\/{rel}","templated":true}]}}