{"id":4694,"date":"2019-10-09T22:35:34","date_gmt":"2019-10-10T03:35:34","guid":{"rendered":"http:\/\/www.zonaroja.com.mx\/?p=4694"},"modified":"2019-10-09T22:35:37","modified_gmt":"2019-10-10T03:35:37","slug":"miercoles-rojo-dos-ataques-armados-dejan-tres-muertos-y-tres-heridos","status":"publish","type":"post","link":"https:\/\/zonaroja.com.mx\/?p=4694","title":{"rendered":"Mi\u00e9rcoles rojo: dos ataques armados dejan tres muertos y tres heridos"},"content":{"rendered":"\n<p>Ismael\nGarc\u00eda M.\/Zona Roja.<\/p>\n\n\n\n<p>Oaxaca\nde Ju\u00e1rez, Oax., 9 de octubre de 2019.- Mientras el titular de la Secretar\u00eda de\nSeguridad P\u00fablica de Oaxaca, Ra\u00fal Ernesto Salcedo, declar\u00f3 hoy que Oaxaca es\nuna de las 10 entidades m\u00e1s seguras del pa\u00eds, en la regiones Costa y Sierra Sur\nse registraron dos ataques armados.<\/p>\n\n\n\n<p>El\nsaldo este mi\u00e9rcoles fue de tres personas fallecidas y tres m\u00e1s lesionadas por\ndisparos de armas de fuego, entre ellas una mujer.<\/p>\n\n\n\n<p>Esta\nnoche, en el fraccionamiento Los Almendros, cerca de La Parota, de Puerto\nEscondido, fue atacada a balazos una pareja que viajaba en motocicleta; el\nindividuo perdi\u00f3 la vida al instante mientras que la mujer fue trasladada a un\nnosocomio; ambos no han sido identificados oficialmente.<\/p>\n\n\n\n<p>Por\notra parte, durante la tarde se suscit\u00f3 una agresi\u00f3n armada en San Ildefonso\nAmatl\u00e1n, municipio del distrito de Miahuatl\u00e1n, de la regi\u00f3n Sierra Sur.<\/p>\n\n\n\n<p>Sujetos\ndesconocidos dispararon en contra de varias personas, lo que dej\u00f3 como saldo\ndos personas fallecidas y dos m\u00e1s lesionadas, estas \u00faltimas trasladadas al\nhospital rural del IMSS en Miahuatl\u00e1n. Tampoco han sido identificadas.<\/p>\n\n\n\n<p>OAXACA\nSEGURO<\/p>\n\n\n\n<p>En\ntanto, la ma\u00f1ana de hoy en San Juan Bautista Tuxtepec, en conferencia de prensa\ncon el gobernador Alejandro Murat Hinojosa, el secretario de Seguridad, Ra\u00fal\nErnesto Rosales, declar\u00f3 que Oaxaca es una entidad segura y que en tres meses\nde su gesti\u00f3n se han reducido los delitos.<\/p>\n\n\n\n<p>\u201cEn\neste encuentro realizado en la Casa de la Cultura \u2018Dr. V\u00edctor Bravo Ahuja\u2019, se\ndio a conocer que de acuerdo a la estad\u00edstica realizada durante el mes de\nagosto por el Secretariado Ejecutivo del Sistema Nacional de Seguridad, Oaxaca\nocupa el lugar 22 a nivel nacional en cuanto a la incidencia delictiva.<\/p>\n\n\n\n<p>\u201cCon\nello, la entidad oaxaque\u00f1a se posiciona como el d\u00e9cimo estado m\u00e1s seguro del\npa\u00eds.<\/p>\n\n\n\n<p>\u201cMurat\nHinojosa expres\u00f3 que esto es resultado de la estrecha coordinaci\u00f3n que se lleva\na cabo entre las instancias de seguridad p\u00fablica de los tres \u00f3rdenes de\ngobierno\u201d, se difundi\u00f3 a trav\u00e9s de un comunicado de prensa.<\/p>\n","protected":false},"excerpt":{"rendered":"<p>Ismael Garc\u00eda M.\/Zona Roja. Oaxaca de Ju\u00e1rez, Oax., 9 de octubre de 2019.- Mientras el&hellip;<\/p>\n","protected":false},"author":2,"featured_media":1580,"comment_status":"closed","ping_status":"open","sticky":false,"template":"","format":"standard","meta":{"_lmt_disableupdate":"","_lmt_disable":"","_jetpack_memberships_contains_paid_content":false,"footnotes":""},"categories":[109,51],"tags":[590],"class_list":["post-4694","post","type-post","status-publish","format-standard","has-post-thumbnail","hentry","category-minuto-a-minuto","category-zona-roja","tag-puerto-escondido"],"jetpack_featured_media_url":"https:\/\/zonaroja.com.mx\/wp-content\/uploads\/2019\/06\/inseguridad.jpg","jetpack_sharing_enabled":true,"_links":{"self":[{"href":"https:\/\/zonaroja.com.mx\/index.php?rest_route=\/wp\/v2\/posts\/4694","targetHints":{"allow":["GET"]}}],"collection":[{"href":"https:\/\/zonaroja.com.mx\/index.php?rest_route=\/wp\/v2\/posts"}],"about":[{"href":"https:\/\/zonaroja.com.mx\/index.php?rest_route=\/wp\/v2\/types\/post"}],"author":[{"embeddable":true,"href":"https:\/\/zonaroja.com.mx\/index.php?rest_route=\/wp\/v2\/users\/2"}],"replies":[{"embeddable":true,"href":"https:\/\/zonaroja.com.mx\/index.php?rest_route=%2Fwp%2Fv2%2Fcomments&post=4694"}],"version-history":[{"count":1,"href":"https:\/\/zonaroja.com.mx\/index.php?rest_route=\/wp\/v2\/posts\/4694\/revisions"}],"predecessor-version":[{"id":4695,"href":"https:\/\/zonaroja.com.mx\/index.php?rest_route=\/wp\/v2\/posts\/4694\/revisions\/4695"}],"wp:featuredmedia":[{"embeddable":true,"href":"https:\/\/zonaroja.com.mx\/index.php?rest_route=\/wp\/v2\/media\/1580"}],"wp:attachment":[{"href":"https:\/\/zonaroja.com.mx\/index.php?rest_route=%2Fwp%2Fv2%2Fmedia&parent=4694"}],"wp:term":[{"taxonomy":"category","embeddable":true,"href":"https:\/\/zonaroja.com.mx\/index.php?rest_route=%2Fwp%2Fv2%2Fcategories&post=4694"},{"taxonomy":"post_tag","embeddable":true,"href":"https:\/\/zonaroja.com.mx\/index.php?rest_route=%2Fwp%2Fv2%2Ftags&post=4694"}],"curies":[{"name":"wp","href":"https:\/\/api.w.org\/{rel}","templated":true}]}}