{"id":46940,"date":"2022-10-15T10:27:00","date_gmt":"2022-10-15T15:27:00","guid":{"rendered":"http:\/\/www.zonaroja.com.mx\/?p=46940"},"modified":"2022-10-15T06:45:05","modified_gmt":"2022-10-15T11:45:05","slug":"tiene-el-congreso-de-oaxaca-410-solicitudes-de-juicio-politico-rezagados","status":"publish","type":"post","link":"https:\/\/zonaroja.com.mx\/?p=46940","title":{"rendered":"Tiene el Congreso de Oaxaca 410 solicitudes de juicio pol\u00edtico rezagados"},"content":{"rendered":"\n<p>Redacci\u00f3n\/Zona Roja.<\/p>\n\n\n\n<p>Oaxaca de Ju\u00e1rez, Oax., a 15 de octubre de 2022.- Integrantes de la Comisi\u00f3n Instructora del Congreso de Oaxaca revisaron los avances de los expedientes turnados a este grupo de trabajo legislativo sobre demandas a funcionarios.<\/p>\n\n\n\n<p>El informe presentado precisa que en este primer a\u00f1o de la 65 Legislatura, esta Comisi\u00f3n recibi\u00f3 cinco casos relacionados con demandas a servidores p\u00fablicos, principalmente de municipios y juzgados familiares, de los cuales, cuatro se encuentran en an\u00e1lisis y el resto se archiv\u00f3 debido a que no se tiene competencia en el asunto.<\/p>\n\n\n\n<p>De igual manera, se advirti\u00f3 que desde mayo se recibieron para su resguardo un total de 410 expedientes, de los cuales 360 corresponden a la 63 Legislatura y 50 a la 64 Legislatura, los cuales se analizar\u00e1n para su dictamen correspondiente.<\/p>\n\n\n\n<p>Es de destacar que la Comisi\u00f3n Instructora del Parlamento oaxaque\u00f1o, por ser un ente de tipo jurisdiccional, al analizar los asuntos y resolverlos promueve la protecci\u00f3n de los datos personales de las y los involucrados.<\/p>\n\n\n\n<p>En esta reuni\u00f3n informativa realizada este mi\u00e9rcoles, participaron las diputadas Minerva Leonor L\u00f3pez Calder\u00f3n, presidenta de la Comisi\u00f3n Instructora; as\u00ed como Rosalinda L\u00f3pez Garc\u00eda, Mar\u00eda Luisa Matus Fuentes y el legislador Luis Alfonso Silva Romo, integrantes tambi\u00e9n.<\/p>\n\n\n\n<p>(Comunicado)<\/p>\n","protected":false},"excerpt":{"rendered":"<p>Redacci\u00f3n\/Zona Roja. Oaxaca de Ju\u00e1rez, Oax., a 15 de octubre de 2022.- Integrantes de la&hellip;<\/p>\n","protected":false},"author":2,"featured_media":44847,"comment_status":"closed","ping_status":"open","sticky":false,"template":"","format":"standard","meta":{"_lmt_disableupdate":"","_lmt_disable":"","_jetpack_memberships_contains_paid_content":false,"footnotes":""},"categories":[109,47],"tags":[2743],"class_list":["post-46940","post","type-post","status-publish","format-standard","has-post-thumbnail","hentry","category-minuto-a-minuto","category-zona-gris","tag-65-legislatura-del-estado-de-oaxaca"],"jetpack_featured_media_url":"https:\/\/zonaroja.com.mx\/wp-content\/uploads\/2022\/08\/Salon-plenos-Congreso-Oaxaca-Camara-Diputados.jpg","jetpack_sharing_enabled":true,"_links":{"self":[{"href":"https:\/\/zonaroja.com.mx\/index.php?rest_route=\/wp\/v2\/posts\/46940","targetHints":{"allow":["GET"]}}],"collection":[{"href":"https:\/\/zonaroja.com.mx\/index.php?rest_route=\/wp\/v2\/posts"}],"about":[{"href":"https:\/\/zonaroja.com.mx\/index.php?rest_route=\/wp\/v2\/types\/post"}],"author":[{"embeddable":true,"href":"https:\/\/zonaroja.com.mx\/index.php?rest_route=\/wp\/v2\/users\/2"}],"replies":[{"embeddable":true,"href":"https:\/\/zonaroja.com.mx\/index.php?rest_route=%2Fwp%2Fv2%2Fcomments&post=46940"}],"version-history":[{"count":1,"href":"https:\/\/zonaroja.com.mx\/index.php?rest_route=\/wp\/v2\/posts\/46940\/revisions"}],"predecessor-version":[{"id":46941,"href":"https:\/\/zonaroja.com.mx\/index.php?rest_route=\/wp\/v2\/posts\/46940\/revisions\/46941"}],"wp:featuredmedia":[{"embeddable":true,"href":"https:\/\/zonaroja.com.mx\/index.php?rest_route=\/wp\/v2\/media\/44847"}],"wp:attachment":[{"href":"https:\/\/zonaroja.com.mx\/index.php?rest_route=%2Fwp%2Fv2%2Fmedia&parent=46940"}],"wp:term":[{"taxonomy":"category","embeddable":true,"href":"https:\/\/zonaroja.com.mx\/index.php?rest_route=%2Fwp%2Fv2%2Fcategories&post=46940"},{"taxonomy":"post_tag","embeddable":true,"href":"https:\/\/zonaroja.com.mx\/index.php?rest_route=%2Fwp%2Fv2%2Ftags&post=46940"}],"curies":[{"name":"wp","href":"https:\/\/api.w.org\/{rel}","templated":true}]}}