{"id":46942,"date":"2022-10-17T09:00:00","date_gmt":"2022-10-17T14:00:00","guid":{"rendered":"http:\/\/www.zonaroja.com.mx\/?p=46942"},"modified":"2022-10-17T06:51:45","modified_gmt":"2022-10-17T11:51:45","slug":"y-tres-anos-despues-el-gobierno-de-mexico-no-tiene-ningun-detenido-por-culiacanazo","status":"publish","type":"post","link":"https:\/\/zonaroja.com.mx\/?p=46942","title":{"rendered":"Y tres a\u00f1os despu\u00e9s, el gobierno de M\u00e9xico no tiene ning\u00fan detenido por \u201cculiacanazo\u201d"},"content":{"rendered":"\n<p>Redacci\u00f3n\/Zona Roja Cdmx.<\/p>\n\n\n\n<p>Ciudad de M\u00e9xico, a 16 de octubre de 2022.- Las autoridades mexicanas no han presentado a ning\u00fan detenido por el \u201cculiacanazo\u201d, a tres a\u00f1os del operativo fallido que result\u00f3 en liberar a Ovidio Guzm\u00e1n L\u00f3pez, \u201cEl Rat\u00f3n\u201d, luego de que los \u201cChapitos\u201d desataron el narcoterror en la capital de Sinaloa y lograron que el gobierno federal cediera a peticiones del crimen organizado mediante amenazas.<\/p>\n\n\n\n<p>Aquel 17 de octubre de 2019, la Polic\u00eda Federal Ministerial y agentes de la Secretar\u00eda de la Defensa Nacional (Sedena) acudieron a una casa en Culiac\u00e1n, donde estaba el hijo de Joaqu\u00edn Guzm\u00e1n Loera, \u201cEl Chapo\u201d, pues pretend\u00edan cumplimentar una orden de arresto con fines de extradici\u00f3n a Estados Unidos. Pero el plan fall\u00f3, los sicarios del C\u00e1rtel de Sinaloa reaccionaron de inmediato e impidieron que \u201cEl Rat\u00f3n\u201d fuera encarcelado.<\/p>\n\n\n\n<p>La Fiscal\u00eda General de la Rep\u00fablica (FGR) lleva el curso de las indagatorias e incluso se previ\u00f3 una investigaci\u00f3n interna por parte de la administraci\u00f3n que encabeza el presidente Andr\u00e9s Manuel L\u00f3pez Obrador para determinar responsabilidades de la mala planeaci\u00f3n que desencaden\u00f3 en caos y nueve muertos reconocidos oficialmente.<\/p>\n\n\n\n<p>Han pasado tres a\u00f1os desde el llamado \u201cculiacanazo\u201d y apenas el 27 de mayo de este 2022, el jefe del Ejecutivo federal prometi\u00f3 en Sinaloa que habr\u00eda un nuevo informe m\u00e1s detallado sobre el avance de lo que han detectado en su gobierno de este caso.&nbsp;<\/p>\n\n\n\n<p>Por ejemplo, qui\u00e9nes fallaron en espec\u00edfico y qu\u00e9 acciones se tomaron en consecuencia contra ellos. Pero transcurrieron los 15 d\u00edas que fij\u00f3 el presidente y las autoridades federales no ofrecieron nada.<\/p>\n\n\n\n<p>Durante la primera semana de los hechos, la Fiscal\u00eda de Sinaloa apertur\u00f3 indagatorias por el delito de homicidio doloso, su personal realiz\u00f3 el levantamiento de cuerpos y la necropsia de ley correspondiente, pero despu\u00e9s fue declinada competencia a la federaci\u00f3n, seg\u00fan verific\u00f3 Infobae M\u00e9xico. Sin embargo, el caso no ha dado resultados visibles ni p\u00fablicos a casi 36 meses de aquel jueves negro.<\/p>\n\n\n\n<p>Cuando se cumpli\u00f3 un a\u00f1o se supo que la FGR encabezaba las investigaciones en su delegaci\u00f3n de Sinaloa y de manera preliminar se indic\u00f3 que era por actos de terrorismo.&nbsp;<\/p>\n\n\n\n<p>Pues sicarios del brazo armado de \u201cLos Chapitos\u201d quemaron veh\u00edculos particulares y del transporte p\u00fablico para bloquear vialidades; dispararon en zonas contra la poblaci\u00f3n civil; se enfrentaron al Ej\u00e9rcito, amagaron con asesinar a familias de militares y secuestraron a 11 soldados.<\/p>\n\n\n\n<p>Hace unos d\u00edas se inform\u00f3 que las pesquisas ya estaban en manos de la Unidad Especializada en Investigaci\u00f3n de Terrorismo, Acopio y Tr\u00e1fico de Armas de Fuego, seg\u00fan documentos localizados entre miles de correos electr\u00f3nicos robados a la Secretar\u00eda de la Defensa Nacional por el colectivo de hackers Guacamaya.<\/p>\n\n\n\n<p>Ni la FGR, ni el gobierno de L\u00f3pez Obrador han destacado detenciones de quienes, probablemente, hayan participado en el narcoterrorismo en el basti\u00f3n del C\u00e1rtel de Sinaloa. Mucho menos se han identificado operativos para capturar, ahora s\u00ed, a Ovidio Guzm\u00e1n L\u00f3pez, por quien el gobierno de Estados Unidos ofrece una recompensa de cinco millones de d\u00f3lares.<\/p>\n","protected":false},"excerpt":{"rendered":"<p>Redacci\u00f3n\/Zona Roja Cdmx. Ciudad de M\u00e9xico, a 16 de octubre de 2022.- Las autoridades mexicanas&hellip;<\/p>\n","protected":false},"author":2,"featured_media":13987,"comment_status":"closed","ping_status":"open","sticky":false,"template":"","format":"standard","meta":{"_lmt_disableupdate":"","_lmt_disable":"","_jetpack_memberships_contains_paid_content":false,"footnotes":""},"categories":[109,47],"tags":[887],"class_list":["post-46942","post","type-post","status-publish","format-standard","has-post-thumbnail","hentry","category-minuto-a-minuto","category-zona-gris","tag-ovidio-guzman-lopez"],"jetpack_featured_media_url":"https:\/\/zonaroja.com.mx\/wp-content\/uploads\/2020\/06\/Detenci\u00f3n-Ovidio.jpg","jetpack_sharing_enabled":true,"_links":{"self":[{"href":"https:\/\/zonaroja.com.mx\/index.php?rest_route=\/wp\/v2\/posts\/46942","targetHints":{"allow":["GET"]}}],"collection":[{"href":"https:\/\/zonaroja.com.mx\/index.php?rest_route=\/wp\/v2\/posts"}],"about":[{"href":"https:\/\/zonaroja.com.mx\/index.php?rest_route=\/wp\/v2\/types\/post"}],"author":[{"embeddable":true,"href":"https:\/\/zonaroja.com.mx\/index.php?rest_route=\/wp\/v2\/users\/2"}],"replies":[{"embeddable":true,"href":"https:\/\/zonaroja.com.mx\/index.php?rest_route=%2Fwp%2Fv2%2Fcomments&post=46942"}],"version-history":[{"count":1,"href":"https:\/\/zonaroja.com.mx\/index.php?rest_route=\/wp\/v2\/posts\/46942\/revisions"}],"predecessor-version":[{"id":46943,"href":"https:\/\/zonaroja.com.mx\/index.php?rest_route=\/wp\/v2\/posts\/46942\/revisions\/46943"}],"wp:featuredmedia":[{"embeddable":true,"href":"https:\/\/zonaroja.com.mx\/index.php?rest_route=\/wp\/v2\/media\/13987"}],"wp:attachment":[{"href":"https:\/\/zonaroja.com.mx\/index.php?rest_route=%2Fwp%2Fv2%2Fmedia&parent=46942"}],"wp:term":[{"taxonomy":"category","embeddable":true,"href":"https:\/\/zonaroja.com.mx\/index.php?rest_route=%2Fwp%2Fv2%2Fcategories&post=46942"},{"taxonomy":"post_tag","embeddable":true,"href":"https:\/\/zonaroja.com.mx\/index.php?rest_route=%2Fwp%2Fv2%2Ftags&post=46942"}],"curies":[{"name":"wp","href":"https:\/\/api.w.org\/{rel}","templated":true}]}}