{"id":46944,"date":"2022-10-15T11:57:00","date_gmt":"2022-10-15T16:57:00","guid":{"rendered":"http:\/\/www.zonaroja.com.mx\/?p=46944"},"modified":"2022-10-15T06:58:24","modified_gmt":"2022-10-15T11:58:24","slug":"la-marina-tambien-involucrada-en-desaparicion-de-los-43-de-ayotzinapa","status":"publish","type":"post","link":"https:\/\/zonaroja.com.mx\/?p=46944","title":{"rendered":"La Marina, tambi\u00e9n involucrada en desaparici\u00f3n de los 43 de Ayotzinapa"},"content":{"rendered":"\n<p>Redacci\u00f3n\/Zona Roja Cdmx.<\/p>\n\n\n\n<p>Ciudad de M\u00e9xico, a 15 de octubre de 2022.- En el v\u00e9rtice de la noche de Iguala y de la construcci\u00f3n de la \u201cVerdad Hist\u00f3rica\u201d del exprocurador general de la Rep\u00fablica Jes\u00fas Murillo Karam, se hallaba el actual secretario de Marina, Rafael Ojeda Dur\u00e1n.<\/p>\n\n\n\n<p>Enrique Pe\u00f1a Nieto lo hizo almirante en 2013 y lo nombr\u00f3 comandante de la Octava Regi\u00f3n Naval con sede en Acapulco, y jurisdicci\u00f3n en Oaxaca, Chiapas y todo Guerrero.&nbsp;<\/p>\n\n\n\n<p>Ten\u00eda a su cargo dos zonas navales y cinco batallones de Infanter\u00eda de Marina. Tras los eventos de septiembre de 2014, Ojeda Dur\u00e1n alcanz\u00f3 una promoci\u00f3n a\u00fan mayor, primero al recibir el mando de la Fuerza Naval del Pac\u00edfico y despu\u00e9s al integrarse a la estructura de la Semar como contralor.&nbsp;<\/p>\n\n\n\n<p>Fue ah\u00ed donde lo reclut\u00f3 AMLO, quien desplegar\u00eda para la milicia un gran abanico de poder, y elev\u00f3 a Ojeda a secretario.<\/p>\n\n\n\n<p>Ahora, los informes III y IV del Grupo Interdisciplinario de Expertos Independientes (GIEI) y el propio informe de la Comisi\u00f3n para la Verdad y Acceso a la Justicia del&nbsp;Caso Ayotzinapa, encabezada por el subsecretario de Gobernaci\u00f3n, Alejandro Encinas,&nbsp;ha documentado la participaci\u00f3n activa de mandos y tropa del Ej\u00e9rcito y de la Marina en los hechos del 26 de septiembre en Iguala y sucesos derivados.<\/p>\n\n\n\n<p>Las indagatorias encontraron mensajes en los que se suger\u00eda que los cad\u00e1veres de los normalistas desaparecidos y fragmentos de los mismos fueran depositados en las instalaciones del Batall\u00f3n 27 del Ej\u00e9rcito Mexicano; as\u00ed como la intervenci\u00f3n de la Marina Armada de M\u00e9xico en el traslado de restos del tiradero de Cocula.<\/p>\n\n\n\n<p>En el segundo caso, fueron infantes de Marina los que fueron videograbados haciendo traslados y efectuando quemas en Cocula.&nbsp;<\/p>\n\n\n\n<p>La cadena de mando de Ojeda Dur\u00e1n en la regi\u00f3n fue borrada: unos fueron congelados, otros jubilados. Aqu\u00ed se muestra su ascenso y final separaci\u00f3n de la vida p\u00fablica.&nbsp;<\/p>\n\n\n\n<p>LOS COLABORADORES CERCANOS<\/p>\n\n\n\n<p>Siendo vicealmirante, Rafael Ojeda Dur\u00e1n hab\u00eda comandado ya zonas y sectores navales, en Campeche y Baja California. Pero fue Enrique Pe\u00f1a Nieto&nbsp;el que lo elev\u00f3 de rango, al nombrarlo en junio de 2013, comandante de la Octava Regi\u00f3n Naval, con sede en Acapulco.&nbsp;<\/p>\n\n\n\n<p>Para completar su promoci\u00f3n, Pe\u00f1a Nieto lo elev\u00f3 al almirantazgo en noviembre de ese mismo a\u00f1o.<\/p>\n\n\n\n<p>Con la comandancia de su regi\u00f3n, Ojeda ten\u00eda bajo su mando la &nbsp;D\u00e9cimo Segunda Zona Naval, con sede en Salina Cruz, Oaxaca y D\u00e9cimo Cuarta Zona Naval, con sede en Puerto Chiapas, Chiapas, adem\u00e1s de cinco batallones de Infanter\u00eda de Marina, uno para su operaci\u00f3n desde Acapulco, y el resto, bajo su mando, pero asignados a las dos zonas navales se\u00f1aladas y sus respectivos sectores.<\/p>\n\n\n\n<p>En Salina Cruz ten\u00eda como comandante al vicealmirante Tom\u00e1s L\u00f3pez Hern\u00e1ndez, que asumi\u00f3 el mando en agosto de 2014, y en Puerto Chiapas el comandante era, desde 2013, el vicealmirante Francisco Ram\u00f3n Tiburcio.&nbsp;<\/p>\n\n\n\n<p>Hacia arriba, en la estructura de la Armada de M\u00e9xico, Ojeda Dur\u00e1n ten\u00eda nada menos que al entonces secretario de Marina, el secretario almirante Vidal Francisco Sober\u00f3n Sanz,&nbsp;pues de \u00e9l depend\u00edan directamente las regiones, zonas y sectores.&nbsp;<\/p>\n\n\n\n<p>De acuerdo con el Manual General de Organizaci\u00f3n de Semar entonces vigente,el titular de Semar ten\u00eda la atribuci\u00f3n de \u201cejercer el alto mando de la Armada de M\u00e9xico y administrar el poder naval de la federaci\u00f3n, determinando y dirigiendo la doctrina, pol\u00edtica y estrategia naval militar, para la seguridad interior y la defensa exterior del pa\u00eds, as\u00ed como coadyuvar con el desarrollo mar\u00edtimo nacional\u201d.<\/p>\n\n\n\n<p>M\u00e1s informaci\u00f3n, en el sitio de internet \u201cEme Equis\u201d:<\/p>\n\n\n\n<figure class=\"wp-block-embed\"><div class=\"wp-block-embed__wrapper\">\nhttps:\/\/www.m-x.com.mx\/investigaciones\/la-marina-en-el-caso-ayotzinapa-la-cadena-de-mando-en-iguala-y-cocula?utm_source=facebook&#038;utm_medium=marina+en+ayotzinapa&#038;utm_id=investigaciones\n<\/div><\/figure>\n","protected":false},"excerpt":{"rendered":"<p>Redacci\u00f3n\/Zona Roja Cdmx. Ciudad de M\u00e9xico, a 15 de octubre de 2022.- En el v\u00e9rtice&hellip;<\/p>\n","protected":false},"author":2,"featured_media":46945,"comment_status":"closed","ping_status":"open","sticky":false,"template":"","format":"standard","meta":{"_lmt_disableupdate":"","_lmt_disable":"","_jetpack_memberships_contains_paid_content":false,"footnotes":""},"categories":[109,47],"tags":[3282],"class_list":["post-46944","post","type-post","status-publish","format-standard","has-post-thumbnail","hentry","category-minuto-a-minuto","category-zona-gris","tag-rafael-ojeda-duran-secretaria-de-marina"],"jetpack_featured_media_url":"https:\/\/zonaroja.com.mx\/wp-content\/uploads\/2022\/10\/Jose-Rafael-Ojeda-Duran-Lopez-Obrador.jpeg","jetpack_sharing_enabled":true,"_links":{"self":[{"href":"https:\/\/zonaroja.com.mx\/index.php?rest_route=\/wp\/v2\/posts\/46944","targetHints":{"allow":["GET"]}}],"collection":[{"href":"https:\/\/zonaroja.com.mx\/index.php?rest_route=\/wp\/v2\/posts"}],"about":[{"href":"https:\/\/zonaroja.com.mx\/index.php?rest_route=\/wp\/v2\/types\/post"}],"author":[{"embeddable":true,"href":"https:\/\/zonaroja.com.mx\/index.php?rest_route=\/wp\/v2\/users\/2"}],"replies":[{"embeddable":true,"href":"https:\/\/zonaroja.com.mx\/index.php?rest_route=%2Fwp%2Fv2%2Fcomments&post=46944"}],"version-history":[{"count":1,"href":"https:\/\/zonaroja.com.mx\/index.php?rest_route=\/wp\/v2\/posts\/46944\/revisions"}],"predecessor-version":[{"id":46946,"href":"https:\/\/zonaroja.com.mx\/index.php?rest_route=\/wp\/v2\/posts\/46944\/revisions\/46946"}],"wp:featuredmedia":[{"embeddable":true,"href":"https:\/\/zonaroja.com.mx\/index.php?rest_route=\/wp\/v2\/media\/46945"}],"wp:attachment":[{"href":"https:\/\/zonaroja.com.mx\/index.php?rest_route=%2Fwp%2Fv2%2Fmedia&parent=46944"}],"wp:term":[{"taxonomy":"category","embeddable":true,"href":"https:\/\/zonaroja.com.mx\/index.php?rest_route=%2Fwp%2Fv2%2Fcategories&post=46944"},{"taxonomy":"post_tag","embeddable":true,"href":"https:\/\/zonaroja.com.mx\/index.php?rest_route=%2Fwp%2Fv2%2Ftags&post=46944"}],"curies":[{"name":"wp","href":"https:\/\/api.w.org\/{rel}","templated":true}]}}