{"id":46950,"date":"2022-10-15T07:52:13","date_gmt":"2022-10-15T12:52:13","guid":{"rendered":"http:\/\/www.zonaroja.com.mx\/?p=46950"},"modified":"2022-10-15T07:52:14","modified_gmt":"2022-10-15T12:52:14","slug":"grave-contaminacion-en-oaxaca-capital-por-crisis-de-basura","status":"publish","type":"post","link":"https:\/\/zonaroja.com.mx\/?p=46950","title":{"rendered":"Grave contaminaci\u00f3n en Oaxaca capital, por crisis de basura"},"content":{"rendered":"\n<p>Ismael Garc\u00eda M.\/Zona Roja.<\/p>\n\n\n\n<p>Oaxaca de Ju\u00e1rez, Oax., a 15 de octubre de 2022.- Este s\u00e1bado inicia una segunda semana de la suspensi\u00f3n de recolecci\u00f3n de basura en la ciudad de Oaxaca, tras el cierre definitivo del tiradero municipal ubicado en la Villa de Zaachila.<\/p>\n\n\n\n<p>Sin embargo, hasta ahora el ayuntamiento que preside el morenista Francisco Mart\u00ednez Neri no tiene ninguna soluci\u00f3n efectiva y fue el mi\u00e9rcoles pasado que puso en marcha un limitado programa de recolecci\u00f3n de desechos org\u00e1nicos; el resto de la basura lo tiene que guardar las familias en sus hogares&#8230; o sacarlo a la calle.<\/p>\n\n\n\n<p>As\u00ed ha sucedido en la parte sur de la Central de Abasto, en la zona colindante con la ribera del r\u00edo Atoyac y que afecta adem\u00e1s a al menos dos colonias, la Art\u00edculo 123 y la Cocijoeza, donde los habitantes lidian con montones de desechos.<\/p>\n\n\n\n<p>Desde hace m\u00e1s de dos meses, recolectores particulares acumulan toneladas de basura en las riberas del r\u00edo \u00abAtoyac\u00bb, sin que nadie sancione ni a los afiliados a la organizaci\u00f3n CATEM ni a la autoridad municipal que permite ese tiradero a cielo abierto.<\/p>\n\n\n\n<p>En ese sitio la basura se sigue acumulando pero tambi\u00e9n se extiende al camell\u00f3n de las dos vialidades reci\u00e9n pavimentadas; otros montones fueron quemados ayer, con lo que se agrava la contaminaci\u00f3n.<\/p>\n\n\n\n<p>En tanto que en la carretera de la misma zona pero colindante con la calle Prolongaci\u00f3n de Nu\u00f1o del Mercado, se gener\u00f3 un nuevo foco de infecci\u00f3n con montones de basura; similar situaci\u00f3n a lo largo de esa vialidad que cruza parte de la Central de Abasto.<\/p>\n\n\n\n<p>Principalmente a unos metros de la escuela primaria \u00abPatria y Libertad\u00bb, as\u00ed como junto a un m\u00f3dulo de la polic\u00eda municipal. Similar situaci\u00f3n en la calle Monte Alb\u00e1n de la colonia Cocijoeza, a unos pasos del templo cat\u00f3lico.<\/p>\n\n\n\n<p>Ello porque en la rampa de basura ya no se permite tirar basura y est\u00e1 resguardado por camiones recolectores a fin de impedir que los montones crezca.<\/p>\n\n\n\n<p>Situaci\u00f3n similar a lo largo del Perif\u00e9rico de la capital, en la zona poniente colindante con la Central de Abasto, donde momento a momento crecen los montones.<\/p>\n\n\n\n<p>El pasado jueves, el Cabildo de Oaxaca de Ju\u00e1rez  aprob\u00f3 solicitar el apoyo del Gobierno del Estado para la adquisici\u00f3n de un terreno, pero hasta el momento no hay ninguna respuesta oficial.<\/p>\n\n\n\n<figure class=\"wp-block-embed is-type-rich is-provider-twitter wp-block-embed-twitter\"><div class=\"wp-block-embed__wrapper\">\n<div class=\"twitter-tweet\"><blockquote class=\"twitter-tweet\" data-lang=\"es\"><p lang=\"es\" dir=\"ltr\">3. Y as\u00ed de grave la acumulaci\u00f3n de desechos en la calle Prolongaci\u00f3n de Nu\u00f1o del Mercado, junto a una escuela, y en toda la colonia Cocijoeza de la ciudad de Oaxaca. <br>\u00bfY qu\u00e9 est\u00e1 haciendo el edil del <a href=\"https:\/\/twitter.com\/MunicipioOaxaca?ref_src=twsrc%5Etfw\">@MunicipioOaxaca<\/a>, <a href=\"https:\/\/twitter.com\/FMartinezNeri?ref_src=twsrc%5Etfw\">@FMartinezNeri<\/a>?, se preguntan. <a href=\"https:\/\/t.co\/3DVyRZxOgp\">pic.twitter.com\/3DVyRZxOgp<\/a><\/p>&mdash; Zona Roja Oaxaca (@ZonaRoja_Oaxaca) <a href=\"https:\/\/twitter.com\/ZonaRoja_Oaxaca\/status\/1581089682506788865?ref_src=twsrc%5Etfw\">15 de octubre de 2022<\/a><\/blockquote><\/div>\n<\/div><\/figure>\n","protected":false},"excerpt":{"rendered":"<p>Ismael Garc\u00eda M.\/Zona Roja. Oaxaca de Ju\u00e1rez, Oax., a 15 de octubre de 2022.- Este&hellip;<\/p>\n","protected":false},"author":2,"featured_media":46951,"comment_status":"closed","ping_status":"open","sticky":false,"template":"","format":"standard","meta":{"_lmt_disableupdate":"","_lmt_disable":"","_jetpack_memberships_contains_paid_content":false,"footnotes":""},"categories":[109,47],"tags":[148],"class_list":["post-46950","post","type-post","status-publish","format-standard","has-post-thumbnail","hentry","category-minuto-a-minuto","category-zona-gris","tag-oaxaca-de-juarez"],"jetpack_featured_media_url":"https:\/\/zonaroja.com.mx\/wp-content\/uploads\/2022\/10\/Basura-Central-de-Abasto.jpg","jetpack_sharing_enabled":true,"_links":{"self":[{"href":"https:\/\/zonaroja.com.mx\/index.php?rest_route=\/wp\/v2\/posts\/46950","targetHints":{"allow":["GET"]}}],"collection":[{"href":"https:\/\/zonaroja.com.mx\/index.php?rest_route=\/wp\/v2\/posts"}],"about":[{"href":"https:\/\/zonaroja.com.mx\/index.php?rest_route=\/wp\/v2\/types\/post"}],"author":[{"embeddable":true,"href":"https:\/\/zonaroja.com.mx\/index.php?rest_route=\/wp\/v2\/users\/2"}],"replies":[{"embeddable":true,"href":"https:\/\/zonaroja.com.mx\/index.php?rest_route=%2Fwp%2Fv2%2Fcomments&post=46950"}],"version-history":[{"count":1,"href":"https:\/\/zonaroja.com.mx\/index.php?rest_route=\/wp\/v2\/posts\/46950\/revisions"}],"predecessor-version":[{"id":46952,"href":"https:\/\/zonaroja.com.mx\/index.php?rest_route=\/wp\/v2\/posts\/46950\/revisions\/46952"}],"wp:featuredmedia":[{"embeddable":true,"href":"https:\/\/zonaroja.com.mx\/index.php?rest_route=\/wp\/v2\/media\/46951"}],"wp:attachment":[{"href":"https:\/\/zonaroja.com.mx\/index.php?rest_route=%2Fwp%2Fv2%2Fmedia&parent=46950"}],"wp:term":[{"taxonomy":"category","embeddable":true,"href":"https:\/\/zonaroja.com.mx\/index.php?rest_route=%2Fwp%2Fv2%2Fcategories&post=46950"},{"taxonomy":"post_tag","embeddable":true,"href":"https:\/\/zonaroja.com.mx\/index.php?rest_route=%2Fwp%2Fv2%2Ftags&post=46950"}],"curies":[{"name":"wp","href":"https:\/\/api.w.org\/{rel}","templated":true}]}}