{"id":46953,"date":"2022-10-15T07:58:40","date_gmt":"2022-10-15T12:58:40","guid":{"rendered":"http:\/\/www.zonaroja.com.mx\/?p=46953"},"modified":"2022-10-15T07:58:41","modified_gmt":"2022-10-15T12:58:41","slug":"en-autobus-localizan-a-menor-desaparecida-en-huajuapan-con-un-masculino","status":"publish","type":"post","link":"https:\/\/zonaroja.com.mx\/?p=46953","title":{"rendered":"En autob\u00fas localizan a menor desaparecida en Huajuapan, con un masculino"},"content":{"rendered":"\n<p>Redacci\u00f3n\/RA Noticias.<\/p>\n\n\n\n<p>Oaxaca de Ju\u00e1rez, Oax., a 15 de octubre de 2022.- La menor desaparecida hace nueve d\u00edas en Huajuapan de Le\u00f3n, fue localizada este jueves en la carretera Huajuapan-Acatl\u00e1n, cuando viajaba a bordo de un autob\u00fas y acompa\u00f1ada de un sujeto, quien fue detenido y presentado ante las autoridades.<\/p>\n\n\n\n<p>Alinne Andrea Rend\u00f3n Espinoza, de 12 a\u00f1os de edad,&nbsp; hab\u00eda sido vista por \u00faltima vez el 5 de octubre en inmediaciones de la escuela secundaria \u00abBenito Ju\u00e1rez\u00bb en la colonia del Maestro de ese municipio, sin embargo, con base en informaci\u00f3n obtenida por este medio, la menor abord\u00f3 esa ma\u00f1ana del mi\u00e9rcoles un taxi con rumbo desconocido.<\/p>\n\n\n\n<p>El padre de la ni\u00f1a inform\u00f3 que trabajaron arduamente de la mano con la Vicefiscal\u00eda Regional de la Mixteca, de la Fiscal\u00eda General del Estado, para dar con el paradero de su hija, quien se encuentra en buen estado de salud.&nbsp;<\/p>\n\n\n\n<p>El masculino con qui\u00e9n iba acompa\u00f1ado fue presentado ante las autoridades correspondientes, por lo que en pr\u00f3ximas horas de sabr\u00e1 cual es su parentesco que tiene con la v\u00edctima.<\/p>\n\n\n\n<p>\u00abLa detenci\u00f3n y localizaci\u00f3n de la menor, se realiz\u00f3 tras implementar los protocolos de b\u00fasqueda en el tramo carretero, entre personal de la Agencia Estatal de Investigaciones y elementos&nbsp; de la Guardia Nacional\u00bb, informaron los padres de la v\u00edctima quienes agradecieron al personal de la vicefiscal de la Mixteca por el apoyo recibido.<\/p>\n\n\n\n<p>(Nota de Nere Gonz\u00e1lez)<\/p>\n","protected":false},"excerpt":{"rendered":"<p>Redacci\u00f3n\/RA Noticias. Oaxaca de Ju\u00e1rez, Oax., a 15 de octubre de 2022.- La menor desaparecida&hellip;<\/p>\n","protected":false},"author":2,"featured_media":46954,"comment_status":"closed","ping_status":"open","sticky":false,"template":"","format":"standard","meta":{"_lmt_disableupdate":"","_lmt_disable":"","_jetpack_memberships_contains_paid_content":false,"footnotes":""},"categories":[109,47],"tags":[],"class_list":["post-46953","post","type-post","status-publish","format-standard","has-post-thumbnail","hentry","category-minuto-a-minuto","category-zona-gris"],"jetpack_featured_media_url":"https:\/\/zonaroja.com.mx\/wp-content\/uploads\/2022\/10\/Alinne-Andrea-Rendon.jpeg","jetpack_sharing_enabled":true,"_links":{"self":[{"href":"https:\/\/zonaroja.com.mx\/index.php?rest_route=\/wp\/v2\/posts\/46953","targetHints":{"allow":["GET"]}}],"collection":[{"href":"https:\/\/zonaroja.com.mx\/index.php?rest_route=\/wp\/v2\/posts"}],"about":[{"href":"https:\/\/zonaroja.com.mx\/index.php?rest_route=\/wp\/v2\/types\/post"}],"author":[{"embeddable":true,"href":"https:\/\/zonaroja.com.mx\/index.php?rest_route=\/wp\/v2\/users\/2"}],"replies":[{"embeddable":true,"href":"https:\/\/zonaroja.com.mx\/index.php?rest_route=%2Fwp%2Fv2%2Fcomments&post=46953"}],"version-history":[{"count":1,"href":"https:\/\/zonaroja.com.mx\/index.php?rest_route=\/wp\/v2\/posts\/46953\/revisions"}],"predecessor-version":[{"id":46955,"href":"https:\/\/zonaroja.com.mx\/index.php?rest_route=\/wp\/v2\/posts\/46953\/revisions\/46955"}],"wp:featuredmedia":[{"embeddable":true,"href":"https:\/\/zonaroja.com.mx\/index.php?rest_route=\/wp\/v2\/media\/46954"}],"wp:attachment":[{"href":"https:\/\/zonaroja.com.mx\/index.php?rest_route=%2Fwp%2Fv2%2Fmedia&parent=46953"}],"wp:term":[{"taxonomy":"category","embeddable":true,"href":"https:\/\/zonaroja.com.mx\/index.php?rest_route=%2Fwp%2Fv2%2Fcategories&post=46953"},{"taxonomy":"post_tag","embeddable":true,"href":"https:\/\/zonaroja.com.mx\/index.php?rest_route=%2Fwp%2Fv2%2Ftags&post=46953"}],"curies":[{"name":"wp","href":"https:\/\/api.w.org\/{rel}","templated":true}]}}