{"id":46960,"date":"2022-10-15T19:44:36","date_gmt":"2022-10-16T00:44:36","guid":{"rendered":"http:\/\/www.zonaroja.com.mx\/?p=46960"},"modified":"2022-10-15T19:44:38","modified_gmt":"2022-10-16T00:44:38","slug":"ante-ingobernabilidad-persisten-retenciones-van-siete-en-10-dias","status":"publish","type":"post","link":"https:\/\/zonaroja.com.mx\/?p=46960","title":{"rendered":"Ante ingobernabilidad, persisten retenciones; van siete en 10 d\u00edas"},"content":{"rendered":"\n<p>Yuridiana Sosa\/Zona Roja<\/p>\n\n\n\n<p>Oaxaca de Ju\u00e1rez, Oax., 15 de octubre de 2022.- A punto de fenecer el sexenio de Alejandro Murat Hinojosa, organizaciones sociales y comunidades radicalizan m\u00e1s sus protestas y ahora recurren a la retenci\u00f3n de personas, para exigir atenci\u00f3n y cumplimiento de promesas.<\/p>\n\n\n\n<p>En el transcurso de 10 d\u00edas del mes en curso, los manifestantes han efectuado la retenci\u00f3n de trabajadores y funcionarios del Gobierno del Estado en siete ocasiones, para presionar a la Secretar\u00eda General de Gobierno (Segego) a soluciones inmediatas. Sobre estos actos ilegales tampoco hay consecuencias.<\/p>\n\n\n\n<p>La m\u00e1s reciente privaci\u00f3n de la libertad ocurri\u00f3 este 14 de octubre por parte de habitantes de Santiago Xochiltepec contra trabajadores del Instituto Nacional de Pueblos Ind\u00edgenas (INPI) en la capital, para demandar intervenci\u00f3n para sus demandas ante la omisi\u00f3n de la Segego.<\/p>\n\n\n\n<p>Esta retenci\u00f3n contra 40 servidores p\u00fablicos perdur\u00f3 toda la jornada laboral, m\u00e1s varias horas despu\u00e9s.<\/p>\n\n\n\n<p>A media semana, el pasado 12 de octubre, integrantes de organizaciones de la Asamblea de los Pueblos en Defensa del Territorio, Educaci\u00f3n P\u00fablica de Oaxaca se apoderaron de los accesos del Palacio de Gobierno para exigir r\u00e1pida atenci\u00f3n.<\/p>\n\n\n\n<p>Este grupo, caracterizado por actos violentos, priv\u00f3 de su libertad a decenas de trabajadores de confianza y de base por varias horas, sin que hubiera avance significativo por parte del gobierno del estado para concluir la protesta.<\/p>\n\n\n\n<p>Mientras que, a inicio de este mes, el pasado 4 de octubre, funcionarios de los Servicios de Salud de Oaxaca, fueron retenidos por varias horas en San Nicol\u00e1s de Hidalgo, en la regi\u00f3n Mixteca, por parte de los mismos pobladores.<\/p>\n\n\n\n<p>Los molestos habitantes reclamaron a los cinco trabajadores del sector salud, de la Jurisdicci\u00f3n Sanitaria n\u00famero cinco, que el gobierno no cumpli\u00f3 con la obra del centro de salud.<\/p>\n\n\n\n<p>Un grupo de docentes de la Secci\u00f3n 22 del SNTE fue encarcelado por la misma poblaci\u00f3n en San Pablo G\u00fcil\u00e1, agencia de Santiago Matatl\u00e1n, en Valles Centrales, por presuntamente distribuir drogas a estudiantes de secundaria.<\/p>\n\n\n\n<p>Por m\u00e1s de 24 horas la mayor\u00eda de los docentes, aproximadamente 12, fueron liberados, pero tres m\u00e1s fueron puestos a disposici\u00f3n de la Fiscal\u00eda General de Oaxaca por ser los \u00fanicos implicados, presuntamente.<\/p>\n\n\n\n<p>En el municipio de La Reforma, Putla, en la Mixteca, retuvieron por m\u00e1s de 24 horas a distribuidores de mercanc\u00edas.<\/p>\n\n\n\n<p>Uno de los casos de mayor gravedad se registr\u00f3 el 6 de octubre en la agencia de San Jos\u00e9 del Pac\u00edfico, de San Mateo R\u00edo Hondo, donde autoridades auxiliares retuvieron a dos personas, una abogada y un ingeniero, de quienes condicionaron su libertad a cambio de la presencia del edil, \u00c1ngel Gerardo Ruiz Vel\u00e1squez, con quien mantiene una disputa.<\/p>\n\n\n\n<p>Otra retenci\u00f3n ocurri\u00f3 el d\u00eda 7, contra al menos 30 trabajadores del IEEPO por parte de docentes egresados de la Universidad Pedag\u00f3gica Nacional.<\/p>\n\n\n\n<p>En tanto, en septiembre tambi\u00e9n se registraron al menos tres, pero la m\u00e1s grave y que a\u00fan persiste desde hace 45 d\u00edas, se ubica en el municipio de San Pedro Ozumac\u00edn, Ayotzintepec, contra 10 habitantes de Santiago Progreso, de Valle Nacional en la Cuenca.<\/p>\n\n\n\n<p>Sobre ese caso, la Segego muestra favoritismo por la comunidad que sostiene la privaci\u00f3n de la libertad.&nbsp;<\/p>\n","protected":false},"excerpt":{"rendered":"<p>Yuridiana Sosa\/Zona Roja Oaxaca de Ju\u00e1rez, Oax., 15 de octubre de 2022.- A punto de&hellip;<\/p>\n","protected":false},"author":2,"featured_media":46961,"comment_status":"closed","ping_status":"open","sticky":false,"template":"","format":"standard","meta":{"_lmt_disableupdate":"","_lmt_disable":"","_jetpack_memberships_contains_paid_content":false,"footnotes":""},"categories":[109,47],"tags":[2121],"class_list":["post-46960","post","type-post","status-publish","format-standard","has-post-thumbnail","hentry","category-minuto-a-minuto","category-zona-gris","tag-secretaria-general-de-gobierno-segego"],"jetpack_featured_media_url":"https:\/\/zonaroja.com.mx\/wp-content\/uploads\/2022\/10\/Retenciones-gobierno-de-Oaxaca.jpg","jetpack_sharing_enabled":true,"_links":{"self":[{"href":"https:\/\/zonaroja.com.mx\/index.php?rest_route=\/wp\/v2\/posts\/46960","targetHints":{"allow":["GET"]}}],"collection":[{"href":"https:\/\/zonaroja.com.mx\/index.php?rest_route=\/wp\/v2\/posts"}],"about":[{"href":"https:\/\/zonaroja.com.mx\/index.php?rest_route=\/wp\/v2\/types\/post"}],"author":[{"embeddable":true,"href":"https:\/\/zonaroja.com.mx\/index.php?rest_route=\/wp\/v2\/users\/2"}],"replies":[{"embeddable":true,"href":"https:\/\/zonaroja.com.mx\/index.php?rest_route=%2Fwp%2Fv2%2Fcomments&post=46960"}],"version-history":[{"count":1,"href":"https:\/\/zonaroja.com.mx\/index.php?rest_route=\/wp\/v2\/posts\/46960\/revisions"}],"predecessor-version":[{"id":46962,"href":"https:\/\/zonaroja.com.mx\/index.php?rest_route=\/wp\/v2\/posts\/46960\/revisions\/46962"}],"wp:featuredmedia":[{"embeddable":true,"href":"https:\/\/zonaroja.com.mx\/index.php?rest_route=\/wp\/v2\/media\/46961"}],"wp:attachment":[{"href":"https:\/\/zonaroja.com.mx\/index.php?rest_route=%2Fwp%2Fv2%2Fmedia&parent=46960"}],"wp:term":[{"taxonomy":"category","embeddable":true,"href":"https:\/\/zonaroja.com.mx\/index.php?rest_route=%2Fwp%2Fv2%2Fcategories&post=46960"},{"taxonomy":"post_tag","embeddable":true,"href":"https:\/\/zonaroja.com.mx\/index.php?rest_route=%2Fwp%2Fv2%2Ftags&post=46960"}],"curies":[{"name":"wp","href":"https:\/\/api.w.org\/{rel}","templated":true}]}}