{"id":46963,"date":"2022-10-15T20:45:23","date_gmt":"2022-10-16T01:45:23","guid":{"rendered":"http:\/\/www.zonaroja.com.mx\/?p=46963"},"modified":"2022-10-15T20:45:25","modified_gmt":"2022-10-16T01:45:25","slug":"en-operacion-cicatriz-salomon-jara-integra-a-flavio-sosa-a-consejo-de-morena","status":"publish","type":"post","link":"https:\/\/zonaroja.com.mx\/?p=46963","title":{"rendered":"En \u201coperaci\u00f3n cicatriz\u201d, Salom\u00f3n Jara integra a Flavio Sosa a Consejo de Morena"},"content":{"rendered":"\n<p>Ismael Garc\u00eda M.\/Zona Roja.<\/p>\n\n\n\n<p>Oaxaca de Ju\u00e1rez, Oax., Oax., a 15 de octubre de 2022.- El gobernador electo de Oaxaca, Salom\u00f3n Jara Cruz, termin\u00f3 con la disidencia de cinco legisladores en el Congreso del Estado.<\/p>\n\n\n\n<p>Este s\u00e1bado, integr\u00f3 a Flavio Sosa Villavicencio al Consejo Consultivo del Partido Morena en Oaxaca, con lo cual cerr\u00f3 la \u201coperaci\u00f3n cicatriz\u201d que inici\u00f3 en la 65 Legislatura.<\/p>\n\n\n\n<p>A inicios de julio de este a\u00f1o, Concepci\u00f3n Rueda G\u00f3mez, Melina Hern\u00e1ndez Sosa, Horacio Sosa Villavicencio, Sesul Bola\u00f1os L\u00f3pez y C\u00e9sar Mateos Ben\u00edtez, iniciaron los tr\u00e1mites para deslindarse de la fracci\u00f3n de Morena y crear el grupo parlamentario de la Cuarta Transformaci\u00f3n.<\/p>\n\n\n\n<p>A la fecha a\u00fan no prospera el tr\u00e1mite, pues en la Mesa Directiva y con la presidenta de la Junta de Coordinaci\u00f3n Pol\u00edtica encontr\u00f3 resistencias; presuntamente los cinco acudieron al tribunal federal, de lo cual no hay noticias hasta ahora.<\/p>\n\n\n\n<p>El pasado jueves, en sesi\u00f3n extraordinaria, los presuntos disidentes se unieron a los dem\u00e1s diputados de Morena para votar a favor del dictamen que envi\u00f3 la C\u00e1mara de Diputados federal, respecto a prolongar la estancia del Ej\u00e9rcito Mexicano en las calles, para tareas de seguridad p\u00fablica.<\/p>\n\n\n\n<p>Y este s\u00e1bado, el gobernador electo presidi\u00f3 una reuni\u00f3n partidista, el Congreso Estatal, en la que participaron Flavio Sosa, impulsor de los cinco legisladores que pretend\u00edan separarse, y otros diputados otrora antag\u00f3nicos.<\/p>\n\n\n\n<p>Por la tarde en un comunicado, el Partido Morena inform\u00f3 de la integraci\u00f3n del Consejo Consultivo estatal, en que participa Sosa Villavicencio.<\/p>\n\n\n\n<figure class=\"wp-block-embed is-type-rich is-provider-twitter wp-block-embed-twitter\"><div class=\"wp-block-embed__wrapper\">\n<div class=\"twitter-tweet\"><blockquote class=\"twitter-tweet\" data-lang=\"es\"><p lang=\"es\" dir=\"ltr\">Hoy tomamos protesta l@s integrant@s del consejo consultivo de MORENA en Oaxaca. <br>Fue testigo de honor de este evento el gobernador electo <a href=\"https:\/\/twitter.com\/salomonj?ref_src=twsrc%5Etfw\">@salomonj<\/a> a quien tuve el gusto de saludar. <a href=\"https:\/\/t.co\/QOSd1bjS6l\">pic.twitter.com\/QOSd1bjS6l<\/a><\/p>&mdash; Flavio Sosa Villa.. (@flaviososavilla) <a href=\"https:\/\/twitter.com\/flaviososavilla\/status\/1581313770043101184?ref_src=twsrc%5Etfw\">15 de octubre de 2022<\/a><\/blockquote><\/div>\n<\/div><\/figure>\n\n\n\n<p>Pero tambi\u00e9n Jara Cruz integr\u00f3 a su hermano Amador y quienes fueron funcionarios en el sexenio de Gabino Cu\u00e9 Monteagudo, como V\u00edctor Ra\u00fal Mart\u00ednez V\u00e1squez, Pedro Silva Salazar y Maurilio Mayoral; adem\u00e1s, al ex rector Abraham Mart\u00ednez Alav\u00e9s.<\/p>\n\n\n\n<p>El \u00f3rgano \u201cest\u00e1 integrado por activistas, luchadores, dirigentes de la izquierda oaxaque\u00f1a, mismos que han sido grandes impulsores y promotores de la Cuarta Transformaci\u00f3n, es de recalcar que el Consejo&nbsp;ser\u00e1 el \u00f3rgano de direcci\u00f3n pol\u00edtica&nbsp;del movimiento en todo el territorio estatal.<\/p>\n\n\n\n<p>\u201cLa tarea de estos personajes consistir\u00e1 en guiar la vida interna y las acciones de Morena, mediante un trabajo en unidad por parte de sus integrantes\u201d, detall\u00f3 en el bolet\u00edn.<\/p>\n\n\n\n<p>\u00a0Est\u00e1n tambi\u00e9n el sacerdote Alejandro Solalinde Guerra, Luc\u00eda Antelma Concha V\u00e1squez, Gustavo Adolfo Bravo Ahuja, Laura Estrada Mauro, Karina Bar\u00f3n Ortiz, Sergio Molina, Irma Juan Carlos, Alberto Reyna Figueroa, Irma Juan Carlos,\u00a0\u00a0Agust\u00edn Sosa Ortega, Vilma Mart\u00ednez Cort\u00e9s, Jos\u00e9 Antonio Rueda M\u00e1rquez.<\/p>\n\n\n\n<p>Gloria S\u00e1nchez L\u00f3pez, Mar\u00eda de la Luz Ram\u00edrez Hern\u00e1ndez, Raynel Ram\u00edrez Mijangos, Emilio Montero P\u00e9rez, Amador Jara Cruz, Jos\u00e9 de Jes\u00fas Romero L\u00f3pez, Antonino Morales Toledo, Jorge \u00c1ngel Sibaja, Ren\u00e9 V\u00e1squez Castillejos y H\u00e9ctor S\u00e1nchez L\u00f3pez.<\/p>\n\n\n\n<p>\u201c&nbsp;De esta manera, los anteriormente nombrados ser\u00e1n los encargados del engrandecimiento de Morena y generar la revoluci\u00f3n de las conciencias\u201d, recalca el bolet\u00edn.&nbsp;<\/p>\n\n\n\n<p>El acercamiento con quienes en su momento apoyaron las aspiraciones de la senadora Susana Harp se habr\u00eda dado, de acuerdo con fuentes morenistas, a petici\u00f3n del Presidente de M\u00e9xico, Andr\u00e9s Manuel L\u00f3pez Obrador, quien adem\u00e1s recientemente hizo que Alejandro Murat y Jara Cruz pactaran una transici\u00f3n de poderes tersa.<\/p>\n\n\n\n<figure class=\"wp-block-embed is-type-rich is-provider-twitter wp-block-embed-twitter\"><div class=\"wp-block-embed__wrapper\">\n<div class=\"twitter-tweet\"><blockquote class=\"twitter-tweet\" data-lang=\"es\"><p lang=\"es\" dir=\"ltr\">El Congreso Estatal de nuestro partido que se llev\u00f3 a cabo hoy, es la muestra de que <a href=\"https:\/\/twitter.com\/hashtag\/Morena?src=hash&amp;ref_src=twsrc%5Etfw\">#Morena<\/a> es un espacio del pueblo y que ser\u00e1 la columna vertebral de nuestro proyecto de transformaci\u00f3n encabezado por nuestro presidente, <a href=\"https:\/\/twitter.com\/lopezobrador_?ref_src=twsrc%5Etfw\">@lopezobrador_<\/a>. <a href=\"https:\/\/t.co\/2obQRNxnJT\">pic.twitter.com\/2obQRNxnJT<\/a><\/p>&mdash; Salom\u00f3n Jara Cruz (@salomonj) <a href=\"https:\/\/twitter.com\/salomonj\/status\/1581340593326022658?ref_src=twsrc%5Etfw\">15 de octubre de 2022<\/a><\/blockquote><\/div>\n<\/div><\/figure>\n","protected":false},"excerpt":{"rendered":"<p>Ismael Garc\u00eda M.\/Zona Roja. Oaxaca de Ju\u00e1rez, Oax., Oax., a 15 de octubre de 2022.-&hellip;<\/p>\n","protected":false},"author":2,"featured_media":46964,"comment_status":"closed","ping_status":"open","sticky":false,"template":"","format":"standard","meta":{"_lmt_disableupdate":"","_lmt_disable":"","_jetpack_memberships_contains_paid_content":false,"footnotes":""},"categories":[109,47],"tags":[871],"class_list":["post-46963","post","type-post","status-publish","format-standard","has-post-thumbnail","hentry","category-minuto-a-minuto","category-zona-gris","tag-partido-morena-oaxaca"],"jetpack_featured_media_url":"https:\/\/zonaroja.com.mx\/wp-content\/uploads\/2022\/10\/Consejo-Consultivo-Morena.jpg","jetpack_sharing_enabled":true,"_links":{"self":[{"href":"https:\/\/zonaroja.com.mx\/index.php?rest_route=\/wp\/v2\/posts\/46963","targetHints":{"allow":["GET"]}}],"collection":[{"href":"https:\/\/zonaroja.com.mx\/index.php?rest_route=\/wp\/v2\/posts"}],"about":[{"href":"https:\/\/zonaroja.com.mx\/index.php?rest_route=\/wp\/v2\/types\/post"}],"author":[{"embeddable":true,"href":"https:\/\/zonaroja.com.mx\/index.php?rest_route=\/wp\/v2\/users\/2"}],"replies":[{"embeddable":true,"href":"https:\/\/zonaroja.com.mx\/index.php?rest_route=%2Fwp%2Fv2%2Fcomments&post=46963"}],"version-history":[{"count":1,"href":"https:\/\/zonaroja.com.mx\/index.php?rest_route=\/wp\/v2\/posts\/46963\/revisions"}],"predecessor-version":[{"id":46965,"href":"https:\/\/zonaroja.com.mx\/index.php?rest_route=\/wp\/v2\/posts\/46963\/revisions\/46965"}],"wp:featuredmedia":[{"embeddable":true,"href":"https:\/\/zonaroja.com.mx\/index.php?rest_route=\/wp\/v2\/media\/46964"}],"wp:attachment":[{"href":"https:\/\/zonaroja.com.mx\/index.php?rest_route=%2Fwp%2Fv2%2Fmedia&parent=46963"}],"wp:term":[{"taxonomy":"category","embeddable":true,"href":"https:\/\/zonaroja.com.mx\/index.php?rest_route=%2Fwp%2Fv2%2Fcategories&post=46963"},{"taxonomy":"post_tag","embeddable":true,"href":"https:\/\/zonaroja.com.mx\/index.php?rest_route=%2Fwp%2Fv2%2Ftags&post=46963"}],"curies":[{"name":"wp","href":"https:\/\/api.w.org\/{rel}","templated":true}]}}