{"id":46966,"date":"2022-10-15T21:04:54","date_gmt":"2022-10-16T02:04:54","guid":{"rendered":"http:\/\/www.zonaroja.com.mx\/?p=46966"},"modified":"2022-10-15T21:58:32","modified_gmt":"2022-10-16T02:58:32","slug":"registra-oaxaca-dos-asesinatos-este-sabado","status":"publish","type":"post","link":"https:\/\/zonaroja.com.mx\/?p=46966","title":{"rendered":"Registra Oaxaca cuatro asesinatos, este s\u00e1bado; uno en la capital"},"content":{"rendered":"\n<p>Ismael Garc\u00eda M.\/Zona Roja.<\/p>\n\n\n\n<p>Oaxaca de Ju\u00e1rez, Oax., a 15 de octubre de 2022.- Cuatro personas fueron asesinadas este s\u00e1bado en Oaxaca, dos en la regi\u00f3n Valles Centrales, otra en la Cuenca del Papaloapan y otra en el Istmo de Tehuantepec.<\/p>\n\n\n\n<p>Esta noche, en la agencia San Mart\u00edn Mexic\u00e1pam, ciudad de Oaxaca, se registr\u00f3 un ataque armado cerca del pante\u00f3n, tras lo cual un individuo a\u00fan no identificado, perdi\u00f3 la vida. <\/p>\n\n\n\n<p>En la tarde, en el callej\u00f3n Girasoles, casi esquina con Sabinos, de la colonia Llano Verde del municipio de Santa Cruz Amilpas, fue ejecutado un individuo.<\/p>\n\n\n\n<p>El cuerpo fue localizado en la calle, sin pavimentaci\u00f3n, y presenta varios impactos de arma de fuego; hasta este momento no ha sido identificado y presuntamente se trata de un transportista.<\/p>\n\n\n\n<p>Elementos de la agencia Estatal de Investigaciones arribaron al sitio para las primeras diligencias, en tanto que la Fiscal\u00eda General del Estado inici\u00f3 la Carpeta de Investigaci\u00f3n respectiva.<\/p>\n\n\n\n<p>Por la ma\u00f1ana, en una jardinera del bulevar Benito Ju\u00e1rez esquina con 20 de Noviembre, en San Juan Bautista Tuxtepec, fue hallado el cuerpo sin vida de una persona del sexo masculino, con lesiones producidas por arma blanca y por una roca.<\/p>\n\n\n\n<p>Hasta esta noche se desconoce la identidad de la v\u00edctima, pues no portaba documento alguno; vest\u00eda pantal\u00f3n de mezclilla, playera color gris y calzaba botas de hule.<\/p>\n\n\n\n<p>Personal de la Vicefiscal\u00eda Regional de la Cuenca inici\u00f3 las indagatorias correspondientes.<\/p>\n\n\n\n<p>En tanto que alrededor de las 21:00 horas, se inform\u00f3 del asesinato de una persona del sexo masculino, a\u00fan sin identificar, en la agencia San Luis Rey, de Santo Domingo Tehuantepec, en la regi\u00f3n istme\u00f1a. Otra persona habr\u00eda sido lesionada de bala.<\/p>\n\n\n\n<figure class=\"wp-block-embed is-type-rich is-provider-twitter wp-block-embed-twitter\"><div class=\"wp-block-embed__wrapper\">\n<div class=\"twitter-tweet\"><blockquote class=\"twitter-tweet\" data-lang=\"es\"><p lang=\"es\" dir=\"ltr\"><a href=\"https:\/\/twitter.com\/hashtag\/%C3%9AltimoMinuto?src=hash&amp;ref_src=twsrc%5Etfw\">#\u00daltimoMinuto<\/a> <br>Una persona del sexo masculino fue asesinada a balazos en jurisdicci\u00f3n de Santa Cruz Amilpas, zona conurbada al oriente de la ciudad de Oaxaca. <a href=\"https:\/\/t.co\/oYP5PpgzLx\">pic.twitter.com\/oYP5PpgzLx<\/a><\/p>&mdash; Zona Roja Oaxaca (@ZonaRoja_Oaxaca) <a href=\"https:\/\/twitter.com\/ZonaRoja_Oaxaca\/status\/1581432498781048832?ref_src=twsrc%5Etfw\">15 de octubre de 2022<\/a><\/blockquote><\/div>\n<\/div><\/figure>\n","protected":false},"excerpt":{"rendered":"<p>Ismael Garc\u00eda M.\/Zona Roja. Oaxaca de Ju\u00e1rez, Oax., a 15 de octubre de 2022.- Cuatro&hellip;<\/p>\n","protected":false},"author":2,"featured_media":46967,"comment_status":"closed","ping_status":"open","sticky":false,"template":"","format":"standard","meta":{"_lmt_disableupdate":"","_lmt_disable":"","_jetpack_memberships_contains_paid_content":false,"footnotes":""},"categories":[109,51],"tags":[2046],"class_list":["post-46966","post","type-post","status-publish","format-standard","has-post-thumbnail","hentry","category-minuto-a-minuto","category-zona-roja","tag-santa-cruz-amilpas"],"jetpack_featured_media_url":"https:\/\/zonaroja.com.mx\/wp-content\/uploads\/2022\/10\/Asesinado-Santa-Cruz-Amilpas.jpg","jetpack_sharing_enabled":true,"_links":{"self":[{"href":"https:\/\/zonaroja.com.mx\/index.php?rest_route=\/wp\/v2\/posts\/46966","targetHints":{"allow":["GET"]}}],"collection":[{"href":"https:\/\/zonaroja.com.mx\/index.php?rest_route=\/wp\/v2\/posts"}],"about":[{"href":"https:\/\/zonaroja.com.mx\/index.php?rest_route=\/wp\/v2\/types\/post"}],"author":[{"embeddable":true,"href":"https:\/\/zonaroja.com.mx\/index.php?rest_route=\/wp\/v2\/users\/2"}],"replies":[{"embeddable":true,"href":"https:\/\/zonaroja.com.mx\/index.php?rest_route=%2Fwp%2Fv2%2Fcomments&post=46966"}],"version-history":[{"count":4,"href":"https:\/\/zonaroja.com.mx\/index.php?rest_route=\/wp\/v2\/posts\/46966\/revisions"}],"predecessor-version":[{"id":46972,"href":"https:\/\/zonaroja.com.mx\/index.php?rest_route=\/wp\/v2\/posts\/46966\/revisions\/46972"}],"wp:featuredmedia":[{"embeddable":true,"href":"https:\/\/zonaroja.com.mx\/index.php?rest_route=\/wp\/v2\/media\/46967"}],"wp:attachment":[{"href":"https:\/\/zonaroja.com.mx\/index.php?rest_route=%2Fwp%2Fv2%2Fmedia&parent=46966"}],"wp:term":[{"taxonomy":"category","embeddable":true,"href":"https:\/\/zonaroja.com.mx\/index.php?rest_route=%2Fwp%2Fv2%2Fcategories&post=46966"},{"taxonomy":"post_tag","embeddable":true,"href":"https:\/\/zonaroja.com.mx\/index.php?rest_route=%2Fwp%2Fv2%2Ftags&post=46966"}],"curies":[{"name":"wp","href":"https:\/\/api.w.org\/{rel}","templated":true}]}}