{"id":46973,"date":"2022-10-16T07:07:23","date_gmt":"2022-10-16T12:07:23","guid":{"rendered":"http:\/\/www.zonaroja.com.mx\/?p=46973"},"modified":"2022-10-16T07:07:25","modified_gmt":"2022-10-16T12:07:25","slug":"matan-a-individuo-en-santa-lucia-del-camino-identifican-a-asesinado-en-la-capital","status":"publish","type":"post","link":"https:\/\/zonaroja.com.mx\/?p=46973","title":{"rendered":"Matan a individuo en Santa Luc\u00eda del Camino; identifican a asesinado en la capital"},"content":{"rendered":"\n<p>Ismael Garc\u00eda M.\/Zona Roja.<\/p>\n\n\n\n<p>Oaxaca de Ju\u00e1rez, Oax., a 16 de octubre de 2022.- La violencia no cesa en Oaxaca y la madrugada de este domingo, una persona del sexo masculino fue asesinada en Santa Luc\u00eda del Camino, municipio conurbado a la capital.<\/p>\n\n\n\n<p>Fue en la avenida Ferrocarril, casi esquina con la calle 16 de Septiembre, colindancia con la capital y a unos metros de las oficinas de la Polic\u00eda Vial Estatal, , en que se registr\u00f3 el ataque armado.<\/p>\n\n\n\n<p>El hoy occiso viajaba en una motocicleta cuando fue atacado a balazos por sujetos desconocidos que tambi\u00e9n se trasladaban en una motocicleta. Hasta el momento la v\u00edctima permanece en calidad de desconocida.<\/p>\n\n\n\n<p>Otro crimen se registr\u00f3 anoche, en la Heroica Ciudad de Tlaxiaco, regi\u00f3n Mixteca; no obstante hasta el momento no hay mayores detalles del hecho violento.<\/p>\n\n\n\n<p>Mientras tanto, el individuo asesinado anoche en la ciudad de Oaxaca fue identificado como Samuel R. O., de 38 a\u00f1os de edad, quien fue la cuarta v\u00edctima del s\u00e1bado en la entidad.<\/p>\n\n\n\n<p>Fue asesinado frente a su domicilio, en la calle Guelaguetza, colonia Netzahualc\u00f3yotl, agencia de San Mart\u00edn Mexic\u00e1pam.<\/p>\n\n\n\n<p>Pese a que fue alrededor de las 21:00 horas el hecho criminal, no hab\u00eda polic\u00edas municipales en la zona.<\/p>\n\n\n\n<p>Como se inform\u00f3, ayer fueron cinco las personas asesinadas en Oaxaca; en la capital, en Tlaxiaco, en Santo Domingo Tehuantepec, en Santa Cruz Amilpas y en San Juan Bautista Tuxtepec.<\/p>\n","protected":false},"excerpt":{"rendered":"<p>Ismael Garc\u00eda M.\/Zona Roja. Oaxaca de Ju\u00e1rez, Oax., a 16 de octubre de 2022.- La&hellip;<\/p>\n","protected":false},"author":2,"featured_media":46976,"comment_status":"closed","ping_status":"open","sticky":false,"template":"","format":"standard","meta":{"_lmt_disableupdate":"","_lmt_disable":"","_jetpack_memberships_contains_paid_content":false,"footnotes":""},"categories":[109,51],"tags":[],"class_list":["post-46973","post","type-post","status-publish","format-standard","has-post-thumbnail","hentry","category-minuto-a-minuto","category-zona-roja"],"jetpack_featured_media_url":"https:\/\/zonaroja.com.mx\/wp-content\/uploads\/2022\/10\/Asesinado-San-Martin-Mexicapam.jpg","jetpack_sharing_enabled":true,"_links":{"self":[{"href":"https:\/\/zonaroja.com.mx\/index.php?rest_route=\/wp\/v2\/posts\/46973","targetHints":{"allow":["GET"]}}],"collection":[{"href":"https:\/\/zonaroja.com.mx\/index.php?rest_route=\/wp\/v2\/posts"}],"about":[{"href":"https:\/\/zonaroja.com.mx\/index.php?rest_route=\/wp\/v2\/types\/post"}],"author":[{"embeddable":true,"href":"https:\/\/zonaroja.com.mx\/index.php?rest_route=\/wp\/v2\/users\/2"}],"replies":[{"embeddable":true,"href":"https:\/\/zonaroja.com.mx\/index.php?rest_route=%2Fwp%2Fv2%2Fcomments&post=46973"}],"version-history":[{"count":1,"href":"https:\/\/zonaroja.com.mx\/index.php?rest_route=\/wp\/v2\/posts\/46973\/revisions"}],"predecessor-version":[{"id":46977,"href":"https:\/\/zonaroja.com.mx\/index.php?rest_route=\/wp\/v2\/posts\/46973\/revisions\/46977"}],"wp:featuredmedia":[{"embeddable":true,"href":"https:\/\/zonaroja.com.mx\/index.php?rest_route=\/wp\/v2\/media\/46976"}],"wp:attachment":[{"href":"https:\/\/zonaroja.com.mx\/index.php?rest_route=%2Fwp%2Fv2%2Fmedia&parent=46973"}],"wp:term":[{"taxonomy":"category","embeddable":true,"href":"https:\/\/zonaroja.com.mx\/index.php?rest_route=%2Fwp%2Fv2%2Fcategories&post=46973"},{"taxonomy":"post_tag","embeddable":true,"href":"https:\/\/zonaroja.com.mx\/index.php?rest_route=%2Fwp%2Fv2%2Ftags&post=46973"}],"curies":[{"name":"wp","href":"https:\/\/api.w.org\/{rel}","templated":true}]}}