{"id":46978,"date":"2022-10-16T08:59:00","date_gmt":"2022-10-16T13:59:00","guid":{"rendered":"http:\/\/www.zonaroja.com.mx\/?p=46978"},"modified":"2022-10-16T07:10:11","modified_gmt":"2022-10-16T12:10:11","slug":"aprueba-ieepco-convocatoria-para-elecciones-extraordinarias-en-san-antonio-de-la-cal","status":"publish","type":"post","link":"https:\/\/zonaroja.com.mx\/?p=46978","title":{"rendered":"Aprueba IEEPCO convocatoria para elecciones extraordinarias en San Antonio de la Cal"},"content":{"rendered":"\n<p>Redacci\u00f3n\/Zona Roja.<\/p>\n\n\n\n<p>Oaxaca de Ju\u00e1rez, Oax., a 16 de octubre de 2022.- El Consejo General del Instituto Estatal Electoral y de Participaci\u00f3n Ciudadana de Oaxaca (IEEPCO) aprob\u00f3 anoche -por unanimidad de votos en lo general y mayor\u00eda de votos en lo particular- el acuerdo por el que se emite la convocatoria para la elecci\u00f3n extraordinaria de concejal\u00edas en el ayuntamiento del municipio de San Antonio de la Cal, que se rige por Sistemas Normativos Ind\u00edgenas.<\/p>\n\n\n\n<p>Lo anterior, en cumplimiento a la sentencia del Tribunal Estatal Electoral de Oaxaca (TEEO), en el expediente JNI\/34\/2022 y acumulados.<\/p>\n\n\n\n<p>La sesi\u00f3n extraordinaria urgente estuvo encabezada por la consejera presidenta del IEEPCO, Elizabeth S\u00e1nchez Gonz\u00e1lez; las consejeras electorales Carmelita Sibaja Ochoa, Jessica Jazibe Hern\u00e1ndez Garc\u00eda, Nayma Enr\u00edquez Estrada y Zaira Alhel\u00ed Hip\u00f3lito L\u00f3pez; los consejeros electorales Alejandro Carrasco Sampedro y Wilfrido Lulio Almaraz Santib\u00e1\u00f1ez; as\u00ed como las representaciones de los partidos pol\u00edticos.<\/p>\n\n\n\n<p>Al respecto, la consejera electoral, Carmelita Sibaja Ochoa, hizo un respetuoso llamado a las y los ciudadanos del municipio de San Antonio de la Cal para que realicen su proceso electivo en paz y tranquilidad, a fin de que hagan efectivo el derecho que tienen a elegir a sus autoridades al interior de su comunidad.<\/p>\n\n\n\n<p>Con la aprobaci\u00f3n del acuerdo, el Consejo General del IEEPCO instruy\u00f3 a la Direcci\u00f3n Ejecutiva Sistemas Normativos Ind\u00edgenas, implementar las acciones de organizaci\u00f3n y desarrollo de la elecci\u00f3n que se estar\u00e1 programando para los pr\u00f3ximos d\u00edas.<\/p>\n","protected":false},"excerpt":{"rendered":"<p>Redacci\u00f3n\/Zona Roja. Oaxaca de Ju\u00e1rez, Oax., a 16 de octubre de 2022.- El Consejo General&hellip;<\/p>\n","protected":false},"author":2,"featured_media":46974,"comment_status":"closed","ping_status":"open","sticky":false,"template":"","format":"standard","meta":{"_lmt_disableupdate":"","_lmt_disable":"","_jetpack_memberships_contains_paid_content":false,"footnotes":""},"categories":[109,46],"tags":[2932],"class_list":["post-46978","post","type-post","status-publish","format-standard","has-post-thumbnail","hentry","category-minuto-a-minuto","category-zona-blanca","tag-instituto-estatal-electoral-y-de-participacion-ciudadana-de-oaxaca-ieepco"],"jetpack_featured_media_url":"https:\/\/zonaroja.com.mx\/wp-content\/uploads\/2022\/10\/Sesion-extraordinaria-IEECPO.jpg","jetpack_sharing_enabled":true,"_links":{"self":[{"href":"https:\/\/zonaroja.com.mx\/index.php?rest_route=\/wp\/v2\/posts\/46978","targetHints":{"allow":["GET"]}}],"collection":[{"href":"https:\/\/zonaroja.com.mx\/index.php?rest_route=\/wp\/v2\/posts"}],"about":[{"href":"https:\/\/zonaroja.com.mx\/index.php?rest_route=\/wp\/v2\/types\/post"}],"author":[{"embeddable":true,"href":"https:\/\/zonaroja.com.mx\/index.php?rest_route=\/wp\/v2\/users\/2"}],"replies":[{"embeddable":true,"href":"https:\/\/zonaroja.com.mx\/index.php?rest_route=%2Fwp%2Fv2%2Fcomments&post=46978"}],"version-history":[{"count":1,"href":"https:\/\/zonaroja.com.mx\/index.php?rest_route=\/wp\/v2\/posts\/46978\/revisions"}],"predecessor-version":[{"id":46979,"href":"https:\/\/zonaroja.com.mx\/index.php?rest_route=\/wp\/v2\/posts\/46978\/revisions\/46979"}],"wp:featuredmedia":[{"embeddable":true,"href":"https:\/\/zonaroja.com.mx\/index.php?rest_route=\/wp\/v2\/media\/46974"}],"wp:attachment":[{"href":"https:\/\/zonaroja.com.mx\/index.php?rest_route=%2Fwp%2Fv2%2Fmedia&parent=46978"}],"wp:term":[{"taxonomy":"category","embeddable":true,"href":"https:\/\/zonaroja.com.mx\/index.php?rest_route=%2Fwp%2Fv2%2Fcategories&post=46978"},{"taxonomy":"post_tag","embeddable":true,"href":"https:\/\/zonaroja.com.mx\/index.php?rest_route=%2Fwp%2Fv2%2Ftags&post=46978"}],"curies":[{"name":"wp","href":"https:\/\/api.w.org\/{rel}","templated":true}]}}