{"id":46980,"date":"2022-10-16T11:10:00","date_gmt":"2022-10-16T16:10:00","guid":{"rendered":"http:\/\/www.zonaroja.com.mx\/?p=46980"},"modified":"2022-10-16T07:22:49","modified_gmt":"2022-10-16T12:22:49","slug":"avala-cabildo-sanear-rios-atoyac-y-salado-pero-no-dice-cuando","status":"publish","type":"post","link":"https:\/\/zonaroja.com.mx\/?p=46980","title":{"rendered":"Avala Cabildo sanear r\u00edos \u201cAtoyac\u201d y \u201cSalado\u201d\u2026 pero no dice cu\u00e1ndo"},"content":{"rendered":"\n<p>Yuridiana Sosa\/ Zona Roja.<\/p>\n\n\n\n<p>Oaxaca de Ju\u00e1rez, Oax., 16 de octubre de 2022.- El Cabildo de Oaxaca de Ju\u00e1rez aprob\u00f3 acatar la sentencia del juicio de amparo 621\/2016 a favor del saneamiento de los r\u00edos \u201cAtoyac\u201d y \u201cSalado\u201d, que desde junio de 2019 y tras un amparo ante sentencia en 2018, emiti\u00f3 un el juzgado Primero de Distrito.<\/p>\n\n\n\n<p>Sin embargo, no hay fecha para iniciar los trabajos y los problemas respecto a la contaminaci\u00f3n del medio ambiente en la capital se incrementan para el gobierno municipal que encabeza Francisco Mart\u00ednez Neri.<\/p>\n\n\n\n<p>La resoluci\u00f3n federal contempla notificaci\u00f3n al gobierno de Oaxaca, gobierno federal a trav\u00e9s de la Semarnat, Profepa, Conagua-Cuenca Pac\u00edfico Sur, presidentes municipales de Oaxaca de Ju\u00e1rez y Santa Cruz Xoxocotl\u00e1n, entre otras autoridades locales, quienes en un plazo de 90 d\u00edas h\u00e1biles deb\u00edan emprender acciones de rescate de ambos r\u00edos en la zona metropolitana y Valles Centrales de Oaxaca.<\/p>\n\n\n\n<p>El pasado jueves se expuso y aval\u00f3 en sesi\u00f3n de Cabildo un punto de acuerdo para que la Secretar\u00eda de Medio Ambiente y Cambio Clim\u00e1tico local d\u00e9 cumplimiento a la sentencia del Poder Judicial de la Federal, para que se coordine con las autoridades estatales y federales correspondientes para cumplir.<\/p>\n\n\n\n<p>A su vez, se inform\u00f3 que en abril se realizaron modificaciones al Plan de Acci\u00f3n para el Saneamiento y se llevaron a cabo recorridos el 23 de ese mes en los m\u00e1rgenes de los r\u00edos con el fin de actualizar el diagn\u00f3stico.<\/p>\n\n\n\n<p>Hasta el momento, la autoridad no ha informado a detalle, a m\u00e1s de cinco meses de la visita, cu\u00e1l es el nuevo diagn\u00f3stico ni qu\u00e9 tipo de actividades van a desarrollar para garantizar lo se\u00f1alado en la sentencia.<\/p>\n\n\n\n<p>El amparo ordena medidas de protecci\u00f3n ambiental como las referentes al vertimiento de aguas residuales en los r\u00edos \u201cAtoyac\u201d y \u201cSalado\u201d que llevan a cabo la ciudad de Oaxaca y municipios de la zona conurbada.<\/p>\n\n\n\n<p>As\u00ed como acciones deben enfocarse en la observaci\u00f3n, restauraci\u00f3n y vigilancia de equilibrio ecol\u00f3gico, protecci\u00f3n al ambiente, programas de limpieza de los r\u00edos, ejecutar y operar la infraestructura y servicios necesarios para la prevenci\u00f3n, control de la contaminaci\u00f3n y mejoramiento de la calidad del agua de esos r\u00edos.<\/p>\n\n\n\n<p>Pero el saneamiento del r\u00edo \u201cAtoyac\u201d se complica. Desde agosto pasado su ribera, en lo que respecto al tramo frente a la Central de Abasto de Oaxaca, es ocupada como un tiradero de basura clandestino.<\/p>\n\n\n\n<p>El basurero irregular es producto de la omisi\u00f3n de la autoridad al no detener a los recolectores de basura particulares, que ante el cierre del relleno sanitario en Villa de Zaachila destinaron por cuenta propia esa \u00e1rea para depositar los desechos.<\/p>\n\n\n\n<p>Por esta irregularidad tampoco hay acciones penales o sanciones a pesar de estar plenamente identificadas las partes involucradas y responsables.<\/p>\n","protected":false},"excerpt":{"rendered":"<p>Yuridiana Sosa\/ Zona Roja. Oaxaca de Ju\u00e1rez, Oax., 16 de octubre de 2022.- El Cabildo&hellip;<\/p>\n","protected":false},"author":2,"featured_media":21125,"comment_status":"closed","ping_status":"open","sticky":false,"template":"","format":"standard","meta":{"_lmt_disableupdate":"","_lmt_disable":"","_jetpack_memberships_contains_paid_content":false,"footnotes":""},"categories":[109,47],"tags":[148],"class_list":["post-46980","post","type-post","status-publish","format-standard","has-post-thumbnail","hentry","category-minuto-a-minuto","category-zona-gris","tag-oaxaca-de-juarez"],"jetpack_featured_media_url":"https:\/\/zonaroja.com.mx\/wp-content\/uploads\/2020\/12\/Rio-Atoyac-Oaxaca.jpg","jetpack_sharing_enabled":true,"_links":{"self":[{"href":"https:\/\/zonaroja.com.mx\/index.php?rest_route=\/wp\/v2\/posts\/46980","targetHints":{"allow":["GET"]}}],"collection":[{"href":"https:\/\/zonaroja.com.mx\/index.php?rest_route=\/wp\/v2\/posts"}],"about":[{"href":"https:\/\/zonaroja.com.mx\/index.php?rest_route=\/wp\/v2\/types\/post"}],"author":[{"embeddable":true,"href":"https:\/\/zonaroja.com.mx\/index.php?rest_route=\/wp\/v2\/users\/2"}],"replies":[{"embeddable":true,"href":"https:\/\/zonaroja.com.mx\/index.php?rest_route=%2Fwp%2Fv2%2Fcomments&post=46980"}],"version-history":[{"count":1,"href":"https:\/\/zonaroja.com.mx\/index.php?rest_route=\/wp\/v2\/posts\/46980\/revisions"}],"predecessor-version":[{"id":46981,"href":"https:\/\/zonaroja.com.mx\/index.php?rest_route=\/wp\/v2\/posts\/46980\/revisions\/46981"}],"wp:featuredmedia":[{"embeddable":true,"href":"https:\/\/zonaroja.com.mx\/index.php?rest_route=\/wp\/v2\/media\/21125"}],"wp:attachment":[{"href":"https:\/\/zonaroja.com.mx\/index.php?rest_route=%2Fwp%2Fv2%2Fmedia&parent=46980"}],"wp:term":[{"taxonomy":"category","embeddable":true,"href":"https:\/\/zonaroja.com.mx\/index.php?rest_route=%2Fwp%2Fv2%2Fcategories&post=46980"},{"taxonomy":"post_tag","embeddable":true,"href":"https:\/\/zonaroja.com.mx\/index.php?rest_route=%2Fwp%2Fv2%2Ftags&post=46980"}],"curies":[{"name":"wp","href":"https:\/\/api.w.org\/{rel}","templated":true}]}}