{"id":46990,"date":"2022-10-16T15:51:14","date_gmt":"2022-10-16T20:51:14","guid":{"rendered":"http:\/\/www.zonaroja.com.mx\/?p=46990"},"modified":"2022-10-16T16:14:47","modified_gmt":"2022-10-16T21:14:47","slug":"busca-fiscalia-de-oaxaca-a-un-hijo-de-abigail-h-u-muerta-en-separos","status":"publish","type":"post","link":"https:\/\/zonaroja.com.mx\/?p=46990","title":{"rendered":"Busca Fiscal\u00eda de Oaxaca a un hijo de Abigail H. U., muerta en separos"},"content":{"rendered":"\n<p>Redacci\u00f3n\/Zona Roja.<\/p>\n\n\n\n<p>Oaxaca de Ju\u00e1rez, Oax., a 16 de octubre de 2022.- A casi dos meses de la muerte de la joven Abigail H. U. En los separos municipales de Salina Cruz, contin\u00faa desaparecido uno sus hijos.<\/p>\n\n\n\n<p>A trav\u00e9s de la Unidad de B\u00fasqueda de Personas no Localizadas, la Fiscal\u00eda General del Estado de Oaxaca (FGEO) emiti\u00f3 el pasado 13 de octubre una ficha de b\u00fasqueda para localizar a Kleiver Farid Espinoza Hay, de tres a\u00f1os de edad, hijo de Abigail.<\/p>\n\n\n\n<p>El menor fue visto por \u00faltima vez el pasado 19 de agosto de 2022 en la colonia Petrolera en compa\u00f1\u00eda de su pap\u00e1 Kleiver Espinoza, la misma fecha en que muri\u00f3 la joven mujer en la c\u00e1rcel.<\/p>\n\n\n\n<p>En reiteradas ocasiones, la familia de Abigail, incluyendo su padre, don Jos\u00e9 Luis Hay,  ha se\u00f1alado que la ex pareja de la mujer podr\u00eda estar involucrado en la muerte de la joven, y se teme que haya huido de Salina Cruz.<\/p>\n\n\n\n<p>De acuerdo con la ficha de b\u00fasqueda, Kleiver Farid Espinoza vest\u00eda playera cuello redondo color azul marino, short de mezclilla color azul y sandalias tipo cross color azul.<\/p>\n\n\n\n<p>El menor de tres a\u00f1os es de complexi\u00f3n delgada, mide aproximadamente 0.70 metros, tez morena, es de tez morena y cara cuadrada, frente mediana, cejas regulares, ojos grandes color caf\u00e9 oscuro, nariz peque\u00f1a, boca peque\u00f1a, labios gruesos, ment\u00f3n ovalado, cabello lacio, color negro y corto.<\/p>\n","protected":false},"excerpt":{"rendered":"<p>Redacci\u00f3n\/Zona Roja. Oaxaca de Ju\u00e1rez, Oax., a 16 de octubre de 2022.- A casi dos&hellip;<\/p>\n","protected":false},"author":2,"featured_media":46991,"comment_status":"closed","ping_status":"open","sticky":false,"template":"","format":"standard","meta":{"_lmt_disableupdate":"","_lmt_disable":"","_jetpack_memberships_contains_paid_content":false,"footnotes":""},"categories":[109,46],"tags":[],"class_list":["post-46990","post","type-post","status-publish","format-standard","has-post-thumbnail","hentry","category-minuto-a-minuto","category-zona-blanca"],"jetpack_featured_media_url":"https:\/\/zonaroja.com.mx\/wp-content\/uploads\/2022\/10\/Buscan-a-hijo-de-Abigail-Hay-Urrutia.jpg","jetpack_sharing_enabled":true,"_links":{"self":[{"href":"https:\/\/zonaroja.com.mx\/index.php?rest_route=\/wp\/v2\/posts\/46990","targetHints":{"allow":["GET"]}}],"collection":[{"href":"https:\/\/zonaroja.com.mx\/index.php?rest_route=\/wp\/v2\/posts"}],"about":[{"href":"https:\/\/zonaroja.com.mx\/index.php?rest_route=\/wp\/v2\/types\/post"}],"author":[{"embeddable":true,"href":"https:\/\/zonaroja.com.mx\/index.php?rest_route=\/wp\/v2\/users\/2"}],"replies":[{"embeddable":true,"href":"https:\/\/zonaroja.com.mx\/index.php?rest_route=%2Fwp%2Fv2%2Fcomments&post=46990"}],"version-history":[{"count":1,"href":"https:\/\/zonaroja.com.mx\/index.php?rest_route=\/wp\/v2\/posts\/46990\/revisions"}],"predecessor-version":[{"id":46992,"href":"https:\/\/zonaroja.com.mx\/index.php?rest_route=\/wp\/v2\/posts\/46990\/revisions\/46992"}],"wp:featuredmedia":[{"embeddable":true,"href":"https:\/\/zonaroja.com.mx\/index.php?rest_route=\/wp\/v2\/media\/46991"}],"wp:attachment":[{"href":"https:\/\/zonaroja.com.mx\/index.php?rest_route=%2Fwp%2Fv2%2Fmedia&parent=46990"}],"wp:term":[{"taxonomy":"category","embeddable":true,"href":"https:\/\/zonaroja.com.mx\/index.php?rest_route=%2Fwp%2Fv2%2Fcategories&post=46990"},{"taxonomy":"post_tag","embeddable":true,"href":"https:\/\/zonaroja.com.mx\/index.php?rest_route=%2Fwp%2Fv2%2Ftags&post=46990"}],"curies":[{"name":"wp","href":"https:\/\/api.w.org\/{rel}","templated":true}]}}