{"id":46999,"date":"2022-10-17T06:46:20","date_gmt":"2022-10-17T11:46:20","guid":{"rendered":"http:\/\/www.zonaroja.com.mx\/?p=46999"},"modified":"2022-10-17T06:46:21","modified_gmt":"2022-10-17T11:46:21","slug":"opinion-y-de-que-sirve-institucionalizar-la-militarizacion-del-pais","status":"publish","type":"post","link":"https:\/\/zonaroja.com.mx\/?p=46999","title":{"rendered":"Opini\u00f3n. \u00bfY de qu\u00e9 sirve institucionalizar la militarizaci\u00f3n del pa\u00eds?"},"content":{"rendered":"\n<p>Ismael Garc\u00eda M.\/Zona Roja.<\/p>\n\n\n\n<p>Oaxaca de Ju\u00e1rez, Oax., a 17 de octubre de 2022.- La semana pasada culmin\u00f3 un accidentado proceso legislativo por el cual se determin\u00f3 que el Ej\u00e9rcito Mexicano permanezca en las calles hasta el a\u00f1o 2028, para supuestas tareas de seguridad p\u00fablica.<\/p>\n\n\n\n<p>Con ello se institucionaliz\u00f3 la militarizaci\u00f3n del pa\u00eds, a petici\u00f3n de un otrora cr\u00edtico de los soldados en las calles: Andr\u00e9s Manuel L\u00f3pez Obrador, quien hoy tuvo que rogar y desperdiciar capital pol\u00edtico con tal de que se avalara dicha reforma a la Constituci\u00f3n Pol\u00edtica.<\/p>\n\n\n\n<p>\u00bfPero de qu\u00e9 sirve? La presencia de los militares en las calles, acompa\u00f1ando a corporaciones policiacas, no es nueva; data desde 2019, en el inicio del sexenio de la Cuarta Transformaci\u00f3n.<\/p>\n\n\n\n<p>Paralelo a ello, se disfraz\u00f3 a m\u00e1s de 130 mil elementos del Ej\u00e9rcito Mexicano y de la extinta Polic\u00eda Federal como elementos de la Guardia Nacional, tambi\u00e9n para supuestas de seguridad. Y ahora al mando de nuevo de la Sedena.<\/p>\n\n\n\n<p>El fracaso ha sido absoluto y lo dicen los m\u00e1s de 130 mil muertos en el sexenio de L\u00f3pez Obrador, saldo que rebasa los n\u00fameros de los sexenios de Enrique Pe\u00f1a Nieto, Felipe Calder\u00f3n y Vicente Fox.<\/p>\n\n\n\n<p>La guerra contra el crimen organizado est\u00e1 pr\u00e1cticamente perdida y el Presidente pone su fe y confianza en los militares\u2026 como si fueran hombres probos todos, como si fueran los m\u00e1s honrados, los m\u00e1s capaces y los m\u00e1s preparados. Nada de eso.<\/p>\n\n\n\n<p>VOTOS POR IMPUNIDAD<\/p>\n\n\n\n<p>En el 2019, el Congreso de la Uni\u00f3n aprob\u00f3 una reforma constitucional que establec\u00eda que los militares deb\u00edan permanecer en las calles hasta el 2024.<\/p>\n\n\n\n<p>As\u00ed que, en casi cuatro a\u00f1os del gobierno de L\u00f3pez Obrador, siempre ha contado la presencia militar en tareas de seguridad.<\/p>\n\n\n\n<p>Reprochable actitud hacia esa determinaci\u00f3n por parte de un sector de la poblaci\u00f3n mexicana, pues el izquierdista hoy Presidente de M\u00e9xico, siempre alarde\u00f3, en tres lustros de permanente campa\u00f1a pol\u00edtica, que los militares deber\u00edan regresar a los cuarteles.<\/p>\n\n\n\n<p>Previo a la enmienda constitucional, reconoci\u00f3 que cambi\u00f3 de opini\u00f3n ante el recrudecimiento de la criminalidad en el pa\u00eds.<\/p>\n\n\n\n<p>Fue a supuesta iniciativa del PRI, a trav\u00e9s de una diputada, Yolanda de la Torre, que despu\u00e9s fue premiada en su entidad natal; la coyuntura priista fue aprovechada por Alejandro Moreno C\u00e1rdenas, dirigente nacional, para lograr m\u00e1s impunidad, a cambio del voto de los priistas.<\/p>\n\n\n\n<p>Fue a mediados de septiembre en que finalmente la C\u00e1mara de Diputados federal aprob\u00f3 la reforma constitucional; una semana despu\u00e9s en el Senado hubo un fracaso para lograr los votos, que se consigui\u00f3 poco despu\u00e9s.<\/p>\n\n\n\n<p>Finalmente el pasado jueves fue avalado de nuevo por el Congreso federal y remitido a los estados.<\/p>\n\n\n\n<p>OAXACA, \u201cVANGUARDIA\u00bb<\/p>\n\n\n\n<p>Y con tal de quedar bien con el Presidente de M\u00e9xico, la madrugada de ese mismo d\u00eda, sesion\u00f3 la Diputaci\u00f3n Permanente de manera extraordinaria para citar a una extra del pleno ese d\u00eda a las 14:00 horas.<\/p>\n\n\n\n<p>Y ahora s\u00ed, por instrucci\u00f3n presidencial, todos deb\u00edan de votar a favor de la minuta de reforma a la ley, aunque no la hayan le\u00eddo.&nbsp;<\/p>\n\n\n\n<p>Con absoluto desaseo legislativo, y ahora con todo el bloqueo de Morena, incluyendo los disidentes, as\u00ed como los priistas, en menos de una hora avalaron el dictamen para militarizar el pa\u00eds.&nbsp;<\/p>\n\n\n\n<p>(Por cierto, ese fue el primer resultado de la \u201coperaci\u00f3n cicatriz\u201d del grupo que asesora Flavio Sosa Villavicencio en la 65 Legislatura; el ex l\u00edder de la revuelta del 2006 fue premiado el s\u00e1bado siguiente con un cargo partidista, como integrante del Consejo Consultivo de Morena, historia que narraremos en otra ocasi\u00f3n).<\/p>\n\n\n\n<p>Los morenistas, por supuesto, consideraron un logro, casi la gloria, haber sido el primer estado del pa\u00eds en avalar dicha enmienda constitucional, olvidando sus fracasos, entre ellos la aprobaci\u00f3n para rezagar la paridad de g\u00e9nero en las comunidades.&nbsp;<\/p>\n\n\n\n<p>Como si no hubiera acciones m\u00e1s importantes qu\u00e9 atender, como la pobreza y la grave inseguridad, el gobernador electo, Salom\u00f3n Jara, difundi\u00f3 en sus redes sociales:<\/p>\n\n\n\n<p>\u201cMi reconocimiento a las y los diputados del Congreso del Estado que aprobaron la reforma en materia de seguridad -el primero en el pa\u00eds en hacerlo- que ordena a las fuerzas armadas coadyuvar en tareas de seguridad p\u00fablica y el fortalecimiento de la Guardia Nacional.<\/p>\n\n\n\n<p>\u00bfY TODO PARA QU\u00c9?<\/p>\n\n\n\n<p>Alarma que la inseguridad sea el d\u00eda a d\u00eda a lo largo y ancho del pa\u00eds, pero sobre todo que las fuerzas de seguridad, militares o no, sean rebasadas.<\/p>\n\n\n\n<p>Pero m\u00e1s alarma e indignaci\u00f3n, y sobre todo preocupaci\u00f3n, deber\u00eda causar, primero, que el Presidente Andr\u00e9s Manuel L\u00f3pez Obrador est\u00e9 poniendo empresas civiles y gubermanetales en manos de militares.<\/p>\n\n\n\n<p>Y segundo, las graves revelaciones con el llamado \u201cGuacamaya Leaks\u201d, donde expone m\u00faltiples errores, deficiencias, contradicciones e incluso involucramiento de los militares con el crimen organizado.<\/p>\n\n\n\n<p>Peor a\u00fan, que el actual secretario de Defensa se niegue a rendir cuentas con respecto a esas graves revelaciones.<\/p>\n\n\n\n<p>\u201cEn cualquier democracia funcional, los \u2018Guacamaya Leaks\u2019 hubieran producido investigaciones, renuncias y descabezamientos pol\u00edticos. En cualquier r\u00e9gimen parlamentario, el gobierno ya hubiera ca\u00eddo. En un sistema verdaderamente transformador, el general Luis Cresencio Sandoval ya habr\u00eda perdido el puesto por negarse a comparecer ante miembros del Congreso. Pero en M\u00e9xico la impunidad es la normalidad\u201d, escribi\u00f3 este lunes la polit\u00f3loga Denise Dresser.<\/p>\n\n\n\n<p>Pero nada mueve al Presidente de M\u00e9xico, mientras el pa\u00eds sangra. Y ni se diga Oaxaca, que este fin de semana registr\u00f3 por lo menos ocho asesinatos, dos de ellos en la capital, mientras que la semana pasada acumul\u00f3 una veintena de cr\u00edmenes.<\/p>\n\n\n\n<p>\u00bfSirve el Ej\u00e9rcito en las calles para tareas de Seguridad? \u00bfY la Guardia Nacional? En ninguna parte del pa\u00eds hemos visto esos resultados. En el caso de Oaxaca, a los militares se les ha visto totalmente ajenos a estas tareas, mientras que la Guardia llega a sitios de delitos una hora despu\u00e9s y s\u00f3lo para tomar nota; lo hemos visto personalmente.<\/p>\n\n\n\n<p>Mientras tanto, la Secretar\u00eda de Seguridad P\u00fablica, con su actual titular, la coste\u00f1a Dalia Ba\u00f1os, de traspi\u00e9s en traspi\u00e9s y sin estrategias de prevenci\u00f3n.<\/p>\n\n\n\n<p>As\u00ed que, institucionalizada o no, lamentablemente la violencia y avanza aqu\u00ed y en todos lados.<\/p>\n","protected":false},"excerpt":{"rendered":"<p>Ismael Garc\u00eda M.\/Zona Roja. Oaxaca de Ju\u00e1rez, Oax., a 17 de octubre de 2022.- La&hellip;<\/p>\n","protected":false},"author":2,"featured_media":41735,"comment_status":"closed","ping_status":"open","sticky":false,"template":"","format":"standard","meta":{"_lmt_disableupdate":"","_lmt_disable":"","_jetpack_memberships_contains_paid_content":false,"footnotes":""},"categories":[456,109,48],"tags":[1353],"class_list":["post-46999","post","type-post","status-publish","format-standard","has-post-thumbnail","hentry","category-columna","category-minuto-a-minuto","category-zona-critica","tag-opinion-zona-critica"],"jetpack_featured_media_url":"https:\/\/zonaroja.com.mx\/wp-content\/uploads\/2022\/05\/Opinion-Ismael-Garcia-M.jpg","jetpack_sharing_enabled":true,"_links":{"self":[{"href":"https:\/\/zonaroja.com.mx\/index.php?rest_route=\/wp\/v2\/posts\/46999","targetHints":{"allow":["GET"]}}],"collection":[{"href":"https:\/\/zonaroja.com.mx\/index.php?rest_route=\/wp\/v2\/posts"}],"about":[{"href":"https:\/\/zonaroja.com.mx\/index.php?rest_route=\/wp\/v2\/types\/post"}],"author":[{"embeddable":true,"href":"https:\/\/zonaroja.com.mx\/index.php?rest_route=\/wp\/v2\/users\/2"}],"replies":[{"embeddable":true,"href":"https:\/\/zonaroja.com.mx\/index.php?rest_route=%2Fwp%2Fv2%2Fcomments&post=46999"}],"version-history":[{"count":1,"href":"https:\/\/zonaroja.com.mx\/index.php?rest_route=\/wp\/v2\/posts\/46999\/revisions"}],"predecessor-version":[{"id":47000,"href":"https:\/\/zonaroja.com.mx\/index.php?rest_route=\/wp\/v2\/posts\/46999\/revisions\/47000"}],"wp:featuredmedia":[{"embeddable":true,"href":"https:\/\/zonaroja.com.mx\/index.php?rest_route=\/wp\/v2\/media\/41735"}],"wp:attachment":[{"href":"https:\/\/zonaroja.com.mx\/index.php?rest_route=%2Fwp%2Fv2%2Fmedia&parent=46999"}],"wp:term":[{"taxonomy":"category","embeddable":true,"href":"https:\/\/zonaroja.com.mx\/index.php?rest_route=%2Fwp%2Fv2%2Fcategories&post=46999"},{"taxonomy":"post_tag","embeddable":true,"href":"https:\/\/zonaroja.com.mx\/index.php?rest_route=%2Fwp%2Fv2%2Ftags&post=46999"}],"curies":[{"name":"wp","href":"https:\/\/api.w.org\/{rel}","templated":true}]}}