{"id":47001,"date":"2022-10-17T07:14:18","date_gmt":"2022-10-17T12:14:18","guid":{"rendered":"http:\/\/www.zonaroja.com.mx\/?p=47001"},"modified":"2022-10-17T07:14:21","modified_gmt":"2022-10-17T12:14:21","slug":"registra-el-covid-baja-considerable-de-casos-en-oaxaca","status":"publish","type":"post","link":"https:\/\/zonaroja.com.mx\/?p=47001","title":{"rendered":"Registra el Covid baja considerable de casos en Oaxaca"},"content":{"rendered":"\n<p>Redacci\u00f3n\/Zona Roja.<\/p>\n\n\n\n<p>Oaxaca de Ju\u00e1rez, Oax. 16 de octubre de 2022.- Los Servicios de Salud de Oaxaca (SSO) informaron que, durante el per\u00edodo comprendido del 9 al 15 de octubre, la entidad registr\u00f3 un acumulado de 149 mil 722 casos confirmados del virus SARS-CoV-2, de los cuales 46 se contabilizaron en estos \u00faltimos siete d\u00edas.<\/p>\n\n\n\n<p>Mientras que el global de defunciones desde el inicio de la pandemia a la fecha es de seis mil 343. En tanto, en los \u00faltimos siete d\u00edas se notificaron dos lamentables decesos a causa de esta patolog\u00eda respiratoria. Y el promedio semanal de ocupaci\u00f3n hospitalaria fue de 6.4%.<\/p>\n\n\n\n<p>La dependencia resalt\u00f3 la importancia de que las familias oaxaque\u00f1as contin\u00faen implementado con disciplina las medidas sanitarias vigentes para evitar un incremento de contagios como son: el uso correcto del cubrebocas recomendado en lugares cerrados y donde no sea posible mantener la sana distancia.<\/p>\n\n\n\n<p>Adem\u00e1s del lavado de manos frecuente con agua y jab\u00f3n, mantener la distancia de persona a persona de 1.5 metros, as\u00ed como priorizar los espacios abiertos y bien ventilados.<\/p>\n\n\n\n<p>De igual forma, exhort\u00f3 a la poblaci\u00f3n a acudir a vacunarse cuando corresponda y estar al pendiente de los puntos activos de vacunaci\u00f3n del Sector Salud. El autocuidado es responsabilidad de todas y todos.<\/p>\n\n\n\n<figure class=\"wp-block-embed is-type-rich is-provider-twitter wp-block-embed-twitter\"><div class=\"wp-block-embed__wrapper\">\n<div class=\"twitter-tweet\"><blockquote class=\"twitter-tweet\" data-lang=\"es\"><p lang=\"es\" dir=\"ltr\"><a href=\"https:\/\/twitter.com\/hashtag\/%C3%9AltimoMinuto?src=hash&amp;ref_src=twsrc%5Etfw\">#\u00daltimoMinuto<\/a> <br>Bajan dr\u00e1sticamente los casos de Covid en <a href=\"https:\/\/twitter.com\/hashtag\/Oaxaca?src=hash&amp;ref_src=twsrc%5Etfw\">#Oaxaca<\/a>.<br>Del 9 al 15 de octubre, solo 46 contagios y 2 defunciones. <br>Hay 90 casos activos en 23 municipios. <br>Ocupaci\u00f3n hospitalaria al 6.4% y hay 7 nosocomios saturados, informan los <a href=\"https:\/\/twitter.com\/SSO_GobOax?ref_src=twsrc%5Etfw\">@SSO_GobOax<\/a>. <a href=\"https:\/\/t.co\/khl7fgQmJ6\">pic.twitter.com\/khl7fgQmJ6<\/a><\/p>&mdash; Zona Roja Oaxaca (@ZonaRoja_Oaxaca) <a href=\"https:\/\/twitter.com\/ZonaRoja_Oaxaca\/status\/1581815114562699264?ref_src=twsrc%5Etfw\">17 de octubre de 2022<\/a><\/blockquote><\/div>\n<\/div><\/figure>\n","protected":false},"excerpt":{"rendered":"<p>Redacci\u00f3n\/Zona Roja. Oaxaca de Ju\u00e1rez, Oax. 16 de octubre de 2022.- Los Servicios de Salud&hellip;<\/p>\n","protected":false},"author":2,"featured_media":47002,"comment_status":"closed","ping_status":"open","sticky":false,"template":"","format":"standard","meta":{"_lmt_disableupdate":"","_lmt_disable":"","_jetpack_memberships_contains_paid_content":false,"footnotes":""},"categories":[109,47],"tags":[1512],"class_list":["post-47001","post","type-post","status-publish","format-standard","has-post-thumbnail","hentry","category-minuto-a-minuto","category-zona-gris","tag-coronavirus-oaxaca"],"jetpack_featured_media_url":"https:\/\/zonaroja.com.mx\/wp-content\/uploads\/2022\/10\/Casos-de-Covid-16-octubre.jpeg","jetpack_sharing_enabled":true,"_links":{"self":[{"href":"https:\/\/zonaroja.com.mx\/index.php?rest_route=\/wp\/v2\/posts\/47001","targetHints":{"allow":["GET"]}}],"collection":[{"href":"https:\/\/zonaroja.com.mx\/index.php?rest_route=\/wp\/v2\/posts"}],"about":[{"href":"https:\/\/zonaroja.com.mx\/index.php?rest_route=\/wp\/v2\/types\/post"}],"author":[{"embeddable":true,"href":"https:\/\/zonaroja.com.mx\/index.php?rest_route=\/wp\/v2\/users\/2"}],"replies":[{"embeddable":true,"href":"https:\/\/zonaroja.com.mx\/index.php?rest_route=%2Fwp%2Fv2%2Fcomments&post=47001"}],"version-history":[{"count":1,"href":"https:\/\/zonaroja.com.mx\/index.php?rest_route=\/wp\/v2\/posts\/47001\/revisions"}],"predecessor-version":[{"id":47003,"href":"https:\/\/zonaroja.com.mx\/index.php?rest_route=\/wp\/v2\/posts\/47001\/revisions\/47003"}],"wp:featuredmedia":[{"embeddable":true,"href":"https:\/\/zonaroja.com.mx\/index.php?rest_route=\/wp\/v2\/media\/47002"}],"wp:attachment":[{"href":"https:\/\/zonaroja.com.mx\/index.php?rest_route=%2Fwp%2Fv2%2Fmedia&parent=47001"}],"wp:term":[{"taxonomy":"category","embeddable":true,"href":"https:\/\/zonaroja.com.mx\/index.php?rest_route=%2Fwp%2Fv2%2Fcategories&post=47001"},{"taxonomy":"post_tag","embeddable":true,"href":"https:\/\/zonaroja.com.mx\/index.php?rest_route=%2Fwp%2Fv2%2Ftags&post=47001"}],"curies":[{"name":"wp","href":"https:\/\/api.w.org\/{rel}","templated":true}]}}