{"id":47004,"date":"2022-10-17T07:20:17","date_gmt":"2022-10-17T12:20:17","guid":{"rendered":"http:\/\/www.zonaroja.com.mx\/?p=47004"},"modified":"2022-10-17T07:20:21","modified_gmt":"2022-10-17T12:20:21","slug":"oaxaca-en-foco-rojo-por-incremento-de-violencia-acled","status":"publish","type":"post","link":"https:\/\/zonaroja.com.mx\/?p=47004","title":{"rendered":"Oaxaca, en foco \u00abrojo\u00bb por incremento de violencia: ACLED"},"content":{"rendered":"\n<p>Redacci\u00f3n\/RA Noticias.<\/p>\n\n\n\n<p>Oaxaca de Ju\u00e1rez, Oax., a 17 de octubre de 2022.- El aumento de la violencia ha colocado a Oaxaca en una de las tres de 50 entidades en foco \u00abrojo\u00bb por el aumento de la violencia.&nbsp;<\/p>\n\n\n\n<p>El estado ha presentado un aumento del 100 por ciento de hechos delictivos en comparaci\u00f3n del de agosto.<\/p>\n\n\n\n<p>Lo anterior, de acuerdo con el Centro de Investigaci\u00f3n de Alerta Temprana, adscrito al Proyecto de Datos sobre Ocurrencia y Ubicaci\u00f3n de Conflictos Armados (ACLED, por sus siglas en ingl\u00e9s), datos retomados por medios nacionales para comparar la situaci\u00f3n en otros estados del pa\u00eds.<\/p>\n\n\n\n<p>En Oaxaca se registr\u00f3 cerca de una treintena de hechos delictivos y ejecuciones, en la \u00faltima semana; en el a\u00f1o, se suman los m\u00e1s de 116 probables feminicidios.<\/p>\n\n\n\n<p>Aunque la ACLED tiene identificado a estados m\u00e1s violentos como &nbsp;Guanajuato, Zacatecas o Baja California, la herramienta alerta sobre aquellos lugares donde la violencia se dispara respecto al promedio de los \u00faltimos meses.<\/p>\n\n\n\n<p>Los otros dos esca\u00f1os por la violencia son ocupados por San Luis Potos\u00ed y Michoac\u00e1n, incluso este \u00faltimo comparte el sitio con localidades de Ucrania, Yemen, Sud\u00e1n, Somalia, Myanmar, Irak y Rep\u00fablica Democr\u00e1tica de Congo.<\/p>\n\n\n\n<p>Ante esta cifras, al menos en Oaxaca ser\u00e1 un gran reto para el morenista y gobernador electo Salom\u00f3n Jara mantener la seguridad del estado y evitar m\u00e1s hechos delictivos.<\/p>\n\n\n\n<p>Pese a que el gobernador \u00a0Alejandro Murat ha presumido que la entidad se ubica entre las 10 m\u00e1s seguras, los \u00faltimos acontecimientos violentos lo contradicen.<\/p>\n\n\n\n<figure class=\"wp-block-image size-full\"><a href=\"http:\/\/www.zonaroja.com.mx\/wp-content\/uploads\/2022\/10\/Violencia-Oaxaca.jpeg\" data-rel=\"penci-gallery-image-content\" ><img decoding=\"async\" width=\"720\" height=\"663\" src=\"http:\/\/www.zonaroja.com.mx\/wp-content\/uploads\/2022\/10\/Violencia-Oaxaca.jpeg\" alt=\"\" class=\"wp-image-47005\" srcset=\"https:\/\/zonaroja.com.mx\/wp-content\/uploads\/2022\/10\/Violencia-Oaxaca.jpeg 720w, https:\/\/zonaroja.com.mx\/wp-content\/uploads\/2022\/10\/Violencia-Oaxaca-300x276.jpeg 300w, https:\/\/zonaroja.com.mx\/wp-content\/uploads\/2022\/10\/Violencia-Oaxaca-585x539.jpeg 585w\" sizes=\"(max-width: 720px) 100vw, 720px\" \/><\/a><\/figure>\n","protected":false},"excerpt":{"rendered":"<p>Redacci\u00f3n\/RA Noticias. Oaxaca de Ju\u00e1rez, Oax., a 17 de octubre de 2022.- El aumento de&hellip;<\/p>\n","protected":false},"author":2,"featured_media":35761,"comment_status":"closed","ping_status":"open","sticky":false,"template":"","format":"standard","meta":{"_lmt_disableupdate":"","_lmt_disable":"","_jetpack_memberships_contains_paid_content":false,"footnotes":""},"categories":[109,47],"tags":[],"class_list":["post-47004","post","type-post","status-publish","format-standard","has-post-thumbnail","hentry","category-minuto-a-minuto","category-zona-gris"],"jetpack_featured_media_url":"https:\/\/zonaroja.com.mx\/wp-content\/uploads\/2021\/12\/Inseguridad-violencia-incidencia-delictiva-2.jpg","jetpack_sharing_enabled":true,"_links":{"self":[{"href":"https:\/\/zonaroja.com.mx\/index.php?rest_route=\/wp\/v2\/posts\/47004","targetHints":{"allow":["GET"]}}],"collection":[{"href":"https:\/\/zonaroja.com.mx\/index.php?rest_route=\/wp\/v2\/posts"}],"about":[{"href":"https:\/\/zonaroja.com.mx\/index.php?rest_route=\/wp\/v2\/types\/post"}],"author":[{"embeddable":true,"href":"https:\/\/zonaroja.com.mx\/index.php?rest_route=\/wp\/v2\/users\/2"}],"replies":[{"embeddable":true,"href":"https:\/\/zonaroja.com.mx\/index.php?rest_route=%2Fwp%2Fv2%2Fcomments&post=47004"}],"version-history":[{"count":1,"href":"https:\/\/zonaroja.com.mx\/index.php?rest_route=\/wp\/v2\/posts\/47004\/revisions"}],"predecessor-version":[{"id":47006,"href":"https:\/\/zonaroja.com.mx\/index.php?rest_route=\/wp\/v2\/posts\/47004\/revisions\/47006"}],"wp:featuredmedia":[{"embeddable":true,"href":"https:\/\/zonaroja.com.mx\/index.php?rest_route=\/wp\/v2\/media\/35761"}],"wp:attachment":[{"href":"https:\/\/zonaroja.com.mx\/index.php?rest_route=%2Fwp%2Fv2%2Fmedia&parent=47004"}],"wp:term":[{"taxonomy":"category","embeddable":true,"href":"https:\/\/zonaroja.com.mx\/index.php?rest_route=%2Fwp%2Fv2%2Fcategories&post=47004"},{"taxonomy":"post_tag","embeddable":true,"href":"https:\/\/zonaroja.com.mx\/index.php?rest_route=%2Fwp%2Fv2%2Ftags&post=47004"}],"curies":[{"name":"wp","href":"https:\/\/api.w.org\/{rel}","templated":true}]}}