{"id":47007,"date":"2022-10-17T07:34:57","date_gmt":"2022-10-17T12:34:57","guid":{"rendered":"http:\/\/www.zonaroja.com.mx\/?p=47007"},"modified":"2022-10-17T07:34:58","modified_gmt":"2022-10-17T12:34:58","slug":"y-el-gobierno-abandono-a-los-oaxaquenos-en-eu-ante-ataques-racistas","status":"publish","type":"post","link":"https:\/\/zonaroja.com.mx\/?p=47007","title":{"rendered":"Y el gobierno abandon\u00f3 a los oaxaque\u00f1os en EU, ante ataques racistas"},"content":{"rendered":"\n<p>Ismael Garc\u00eda M.\/Zona Roja.<\/p>\n\n\n\n<p>Oaxaca de Ju\u00e1rez, Oax., a 17 de octubre de 2022.- A m\u00e1s de una semana de se\u00f1alamientos racistas contra oaxaque\u00f1os por parte de tres concejales de la ciudad de Los \u00c1ngeles, California, ninguna autoridad de Oaxaca se ha solidarizado con ellos ni ha recriminado a alguna autoridad de Estados Unidos.<\/p>\n\n\n\n<p>Por ello, este fin de semana cientos de originarios de esta entidad, muchos de ellos a\u00fan indocumentados, efectuaron una marcha de protesta en esa ciudad Norteam\u00e9rica, para exigir respeto a sus derechos.<\/p>\n\n\n\n<p>Pero tambi\u00e9n para demandar la renuncia de dos integrantes del Consejo de Los \u00c1ngeles, Kevin de Le\u00f3n y Gil Cedillo, dos de los tres involucrados en las expresiones racistas en contra de los oaxaque\u00f1os.<\/p>\n\n\n\n<p>En tanto, Nury Mart\u00ednez quien fuera presidenta del Consejo, tuvo que renunciar a su&nbsp; cargo, tras la filtraci\u00f3n de los audios, donde se re\u00eda a carcajadas mientras llam\u00f3 al hijo menor de otro concejal, \u201cchanguito\u201d, por ser inquieto, y por ser adoptivo manifest\u00f3 que \u201cnecesita una paliza\u201d.<\/p>\n\n\n\n<p>Seg\u00fan la el audio difundido la semana pasada por medios norteamericanos, ella dijo que ve\u00eda \u201cmucha gente morena y chaparra\u201d y&nbsp; \u201cpuro coreano oaxaque\u00f1o\u201d, para finalmente a\u00f1adir&nbsp; \u201cest\u00e1n feos\u201d.<\/p>\n\n\n\n<p>El Gobierno del Estado ha guardado silencio respecto a estas agresiones a la comunidad oaxaque\u00f1a y la instancia responsable, el Instituto Oaxaque\u00f1o de Atenci\u00f3n al Migrante, se ha limitado a difundir en sus redes sociales los riesgos de cruzar la frontera de forma ilegal.<\/p>\n\n\n\n<p>La titular, A\u00edda Ruiz, se ha limitado a difundir reuniones de trabajo con autoridades y particulares que acuden a su oficina por asesor\u00eda respecto a la situaci\u00f3n de oaxaque\u00f1os en los Estados Unidos de Norteam\u00e9rica.<\/p>\n","protected":false},"excerpt":{"rendered":"<p>Ismael Garc\u00eda M.\/Zona Roja. Oaxaca de Ju\u00e1rez, Oax., a 17 de octubre de 2022.- A&hellip;<\/p>\n","protected":false},"author":2,"featured_media":47008,"comment_status":"closed","ping_status":"open","sticky":false,"template":"","format":"standard","meta":{"_lmt_disableupdate":"","_lmt_disable":"","_jetpack_memberships_contains_paid_content":false,"footnotes":""},"categories":[109,47],"tags":[],"class_list":["post-47007","post","type-post","status-publish","format-standard","has-post-thumbnail","hentry","category-minuto-a-minuto","category-zona-gris"],"jetpack_featured_media_url":"https:\/\/zonaroja.com.mx\/wp-content\/uploads\/2022\/10\/Protesta-oaxaquenos-en-Los-Angeles.jpg","jetpack_sharing_enabled":true,"_links":{"self":[{"href":"https:\/\/zonaroja.com.mx\/index.php?rest_route=\/wp\/v2\/posts\/47007","targetHints":{"allow":["GET"]}}],"collection":[{"href":"https:\/\/zonaroja.com.mx\/index.php?rest_route=\/wp\/v2\/posts"}],"about":[{"href":"https:\/\/zonaroja.com.mx\/index.php?rest_route=\/wp\/v2\/types\/post"}],"author":[{"embeddable":true,"href":"https:\/\/zonaroja.com.mx\/index.php?rest_route=\/wp\/v2\/users\/2"}],"replies":[{"embeddable":true,"href":"https:\/\/zonaroja.com.mx\/index.php?rest_route=%2Fwp%2Fv2%2Fcomments&post=47007"}],"version-history":[{"count":1,"href":"https:\/\/zonaroja.com.mx\/index.php?rest_route=\/wp\/v2\/posts\/47007\/revisions"}],"predecessor-version":[{"id":47009,"href":"https:\/\/zonaroja.com.mx\/index.php?rest_route=\/wp\/v2\/posts\/47007\/revisions\/47009"}],"wp:featuredmedia":[{"embeddable":true,"href":"https:\/\/zonaroja.com.mx\/index.php?rest_route=\/wp\/v2\/media\/47008"}],"wp:attachment":[{"href":"https:\/\/zonaroja.com.mx\/index.php?rest_route=%2Fwp%2Fv2%2Fmedia&parent=47007"}],"wp:term":[{"taxonomy":"category","embeddable":true,"href":"https:\/\/zonaroja.com.mx\/index.php?rest_route=%2Fwp%2Fv2%2Fcategories&post=47007"},{"taxonomy":"post_tag","embeddable":true,"href":"https:\/\/zonaroja.com.mx\/index.php?rest_route=%2Fwp%2Fv2%2Ftags&post=47007"}],"curies":[{"name":"wp","href":"https:\/\/api.w.org\/{rel}","templated":true}]}}