{"id":4701,"date":"2019-10-10T09:39:39","date_gmt":"2019-10-10T14:39:39","guid":{"rendered":"http:\/\/www.zonaroja.com.mx\/?p=4701"},"modified":"2019-10-10T09:39:42","modified_gmt":"2019-10-10T14:39:42","slug":"fiscalia-general-de-oaxaca-la-septima-peor-del-pais","status":"publish","type":"post","link":"https:\/\/zonaroja.com.mx\/?p=4701","title":{"rendered":"Fiscal\u00eda General de Oaxaca, la s\u00e9ptima peor del pa\u00eds"},"content":{"rendered":"\n<p>Redacci\u00f3n\/Zona\nRoja.<\/p>\n\n\n\n<p>Oaxaca\nde Ju\u00e1rez, Oax., Un informe de la organizaci\u00f3n \u201cImpunidad Cero\u201d revela que la\nFiscal\u00eda General del Estado de Oaxaca se ubica en el s\u00e9ptimo lugar como de las peores\ninstituciones de procuraci\u00f3n de justicia de la Rep\u00fablica Mexicana.<\/p>\n\n\n\n<p>Seg\u00fan\nel \u201c\u00cdndice estatal de desempe\u00f1o de procuradur\u00edas y fiscal\u00edas 2019\u201d, las\nentidades peor calificadas son tambi\u00e9n Tlaxcala, Veracruz, Chiapas, Guerrero,\nTamaulipas y Puebla.<\/p>\n\n\n\n<p>La\nmedici\u00f3n se tom\u00f3 con base en el tiempo de atenci\u00f3n a las v\u00edctimas o denunciantes\n&#8211;que en el caso de esta entidad es de al menos cuatro horas&#8211;, efectividad,\nporcentaje de poblaci\u00f3n que conf\u00eda en la instancia, porcentaje de cumplimiento\nen \u00f3rdenes de aprehensi\u00f3n y el \u00edndice de impunidad.<\/p>\n\n\n\n<p>El\nestudio expone que la Fiscal\u00eda General de Oaxaca, que preside desde hace dos\na\u00f1os y medio Rub\u00e9n Vasconcelos M\u00e9ndez, toma cuatro horas realizar o interponer\nuna denuncia mientras que el promedio nacional es de 141.72 minutos, es decir\ndos horas con 21 minutos. <\/p>\n\n\n\n<p>Asimismo,\nOaxaca, junto con Morelos, se mantienen en el \u00faltimo lugar, con una impunidad\nde 99.4% en los delitos, seguidos de Guerrero (98.2%), Chiapas (97.1%) y Baja\nCalifornia Sur (96.9%). <\/p>\n\n\n\n<p>Detalla\nque Puebla, Oaxaca y Tlaxcala tienen una efectividad de investigaci\u00f3n menor al\n20%.<\/p>\n\n\n\n<p>En\nsu reciente informe ante el Congreso del Estado, durante una reuni\u00f3n privada\ncon miembros de la Junta de Coordinaci\u00f3n Pol\u00edtica de la 64 Legislatura,\nVasconcelos M\u00e9ndez inform\u00f3 que la Fiscal\u00eda General de la entidad se encontraba\nentre las diez mejores del pa\u00eds.<\/p>\n","protected":false},"excerpt":{"rendered":"<p>Redacci\u00f3n\/Zona Roja. Oaxaca de Ju\u00e1rez, Oax., Un informe de la organizaci\u00f3n \u201cImpunidad Cero\u201d revela que&hellip;<\/p>\n","protected":false},"author":2,"featured_media":1829,"comment_status":"closed","ping_status":"open","sticky":false,"template":"","format":"standard","meta":{"_lmt_disableupdate":"","_lmt_disable":"","_jetpack_memberships_contains_paid_content":false,"footnotes":""},"categories":[109,47],"tags":[494,170],"class_list":["post-4701","post","type-post","status-publish","format-standard","has-post-thumbnail","hentry","category-minuto-a-minuto","category-zona-gris","tag-fiscalia-general-del-estado-de-oaxaca","tag-ruben-vasconcelos-mendez"],"jetpack_featured_media_url":"https:\/\/zonaroja.com.mx\/wp-content\/uploads\/2019\/06\/706a1313-de08-4ff3-9b90-d26e952a21fa.jpg","jetpack_sharing_enabled":true,"_links":{"self":[{"href":"https:\/\/zonaroja.com.mx\/index.php?rest_route=\/wp\/v2\/posts\/4701","targetHints":{"allow":["GET"]}}],"collection":[{"href":"https:\/\/zonaroja.com.mx\/index.php?rest_route=\/wp\/v2\/posts"}],"about":[{"href":"https:\/\/zonaroja.com.mx\/index.php?rest_route=\/wp\/v2\/types\/post"}],"author":[{"embeddable":true,"href":"https:\/\/zonaroja.com.mx\/index.php?rest_route=\/wp\/v2\/users\/2"}],"replies":[{"embeddable":true,"href":"https:\/\/zonaroja.com.mx\/index.php?rest_route=%2Fwp%2Fv2%2Fcomments&post=4701"}],"version-history":[{"count":1,"href":"https:\/\/zonaroja.com.mx\/index.php?rest_route=\/wp\/v2\/posts\/4701\/revisions"}],"predecessor-version":[{"id":4702,"href":"https:\/\/zonaroja.com.mx\/index.php?rest_route=\/wp\/v2\/posts\/4701\/revisions\/4702"}],"wp:featuredmedia":[{"embeddable":true,"href":"https:\/\/zonaroja.com.mx\/index.php?rest_route=\/wp\/v2\/media\/1829"}],"wp:attachment":[{"href":"https:\/\/zonaroja.com.mx\/index.php?rest_route=%2Fwp%2Fv2%2Fmedia&parent=4701"}],"wp:term":[{"taxonomy":"category","embeddable":true,"href":"https:\/\/zonaroja.com.mx\/index.php?rest_route=%2Fwp%2Fv2%2Fcategories&post=4701"},{"taxonomy":"post_tag","embeddable":true,"href":"https:\/\/zonaroja.com.mx\/index.php?rest_route=%2Fwp%2Fv2%2Ftags&post=4701"}],"curies":[{"name":"wp","href":"https:\/\/api.w.org\/{rel}","templated":true}]}}