{"id":47023,"date":"2022-10-18T07:00:00","date_gmt":"2022-10-18T12:00:00","guid":{"rendered":"http:\/\/www.zonaroja.com.mx\/?p=47023"},"modified":"2022-10-18T06:54:38","modified_gmt":"2022-10-18T11:54:38","slug":"restablece-pjeo-recepcion-de-documentos-en-juzgados-dejan-de-operar-buzones","status":"publish","type":"post","link":"https:\/\/zonaroja.com.mx\/?p=47023","title":{"rendered":"Restablece PJEO recepci\u00f3n de documentos en juzgados; dejan de operar buzones"},"content":{"rendered":"\n<p>Redacci\u00f3n\/Zona Roja.<\/p>\n\n\n\n<p>Oaxaca de Ju\u00e1rez, Oax., a 18 de octubre de 2022.- Por disposici\u00f3n del Acuerdo General 17\/2022 del Pleno del Consejo de la Judicatura del Poder Judicial del Estado,\u00a0desde el pasado 10 de octubre la instituci\u00f3n\u00a0restableci\u00f3\u00a0las actividades en los \u00f3rganos jurisdiccionales\u00a0para la recepci\u00f3n de escritos y demandas directamente en las Oficial\u00edas de Partes, como funci\u00f3n esencial del Estado de derecho.<\/p>\n\n\n\n<p>Con lo anterior, qued\u00f3 sin&nbsp;efecto la&nbsp;instrucci\u00f3n del uso de cita electr\u00f3nica y buzones&nbsp;instalados en el acceso a&nbsp;los juzgados civiles y familiares del&nbsp;Centro, en&nbsp;el Juzgado Especializado en oralidad mercantil del&nbsp;Circuito&nbsp;Judicial del Centro y Civil en materia de extinci\u00f3n de dominio,&nbsp;herramientas&nbsp;que resultaron de gran utilidad durante el periodo cr\u00edtico de contingencia sanitaria para continuar con la atenci\u00f3n puntual a la sociedad.&nbsp;<\/p>\n\n\n\n<p>El&nbsp;Acuerdo se\u00f1ala que a&nbsp;partir de&nbsp;este lunes&nbsp;17 de octubre los escritos que vayan dirigidos a cualquiera&nbsp;de dichos juzgados, deber\u00e1n ser presentados directamente en las Oficial\u00edas de Partes y en cuando a los escritos iniciales de demanda, se recibir\u00e1n en la Oficial\u00eda de Partes Com\u00fan a los Juzgados Civiles y Familiares del Centro.&nbsp;<\/p>\n\n\n\n<p>Adelant\u00e1ndose a medidas&nbsp;tomadas&nbsp;en&nbsp;fechas&nbsp;m\u00e1s recientes&nbsp;por el Consejo de la Judicatura Federal (CJF) y otros tribunales locales del pa\u00eds,&nbsp;que en algunos casos restablecer\u00e1n actividades&nbsp;hasta&nbsp;noviembre pr\u00f3ximo,&nbsp;el Poder Judicial de Oaxaca, a trav\u00e9s del Consejo de la Judicatura del Estado acord\u00f3 el nuevo esquema de trabajo en sesi\u00f3n de fecha 23 de septiembre de&nbsp;2022.&nbsp;<\/p>\n\n\n\n<p>En ese mismo sentido, continuar\u00e1n vigentes las medidas de protecci\u00f3n&nbsp;y protocolos para&nbsp;usuarios y trabajadores, as\u00ed como las acciones de desinfecci\u00f3n&nbsp;de las diferentes \u00e1reas que conforman la instituci\u00f3n.<\/p>\n\n\n\n<p>En el periodo cr\u00edtico de pandemia,&nbsp;el Poder Judicial del Estado no suspendi\u00f3 sus labores y&nbsp;continu\u00f3 funciones&nbsp;con medidas de sana distancia, una movilidad reducida en todos los espacios judiciales, la aplicaci\u00f3n de&nbsp;protocolos y filtros sanitarios, as\u00ed como&nbsp;la utilizaci\u00f3n de tecnolog\u00edas para la realizaci\u00f3n de audiencias en l\u00ednea&nbsp;y&nbsp;notificaciones electr\u00f3nicas.<\/p>\n\n\n\n<p>El&nbsp;Acuerdo General 17\/2022&nbsp;se encuentra&nbsp;\u00edntegro&nbsp;para su consulta en la p\u00e1gina web institucional &nbsp;https:\/\/www.tribunaloaxaca.gob.mx\/.<\/p>\n","protected":false},"excerpt":{"rendered":"<p>Redacci\u00f3n\/Zona Roja. Oaxaca de Ju\u00e1rez, Oax., a 18 de octubre de 2022.- Por disposici\u00f3n del&hellip;<\/p>\n","protected":false},"author":2,"featured_media":40715,"comment_status":"closed","ping_status":"open","sticky":false,"template":"","format":"standard","meta":{"_lmt_disableupdate":"","_lmt_disable":"","_jetpack_memberships_contains_paid_content":false,"footnotes":""},"categories":[109,46],"tags":[223],"class_list":["post-47023","post","type-post","status-publish","format-standard","has-post-thumbnail","hentry","category-minuto-a-minuto","category-zona-blanca","tag-poder-judicial-de-oaxaca"],"jetpack_featured_media_url":"https:\/\/zonaroja.com.mx\/wp-content\/uploads\/2022\/05\/Poder-Judicial-Tribunal-Superior-de-Justicia.jpg","jetpack_sharing_enabled":true,"_links":{"self":[{"href":"https:\/\/zonaroja.com.mx\/index.php?rest_route=\/wp\/v2\/posts\/47023","targetHints":{"allow":["GET"]}}],"collection":[{"href":"https:\/\/zonaroja.com.mx\/index.php?rest_route=\/wp\/v2\/posts"}],"about":[{"href":"https:\/\/zonaroja.com.mx\/index.php?rest_route=\/wp\/v2\/types\/post"}],"author":[{"embeddable":true,"href":"https:\/\/zonaroja.com.mx\/index.php?rest_route=\/wp\/v2\/users\/2"}],"replies":[{"embeddable":true,"href":"https:\/\/zonaroja.com.mx\/index.php?rest_route=%2Fwp%2Fv2%2Fcomments&post=47023"}],"version-history":[{"count":2,"href":"https:\/\/zonaroja.com.mx\/index.php?rest_route=\/wp\/v2\/posts\/47023\/revisions"}],"predecessor-version":[{"id":47047,"href":"https:\/\/zonaroja.com.mx\/index.php?rest_route=\/wp\/v2\/posts\/47023\/revisions\/47047"}],"wp:featuredmedia":[{"embeddable":true,"href":"https:\/\/zonaroja.com.mx\/index.php?rest_route=\/wp\/v2\/media\/40715"}],"wp:attachment":[{"href":"https:\/\/zonaroja.com.mx\/index.php?rest_route=%2Fwp%2Fv2%2Fmedia&parent=47023"}],"wp:term":[{"taxonomy":"category","embeddable":true,"href":"https:\/\/zonaroja.com.mx\/index.php?rest_route=%2Fwp%2Fv2%2Fcategories&post=47023"},{"taxonomy":"post_tag","embeddable":true,"href":"https:\/\/zonaroja.com.mx\/index.php?rest_route=%2Fwp%2Fv2%2Ftags&post=47023"}],"curies":[{"name":"wp","href":"https:\/\/api.w.org\/{rel}","templated":true}]}}