{"id":47025,"date":"2022-10-17T19:42:06","date_gmt":"2022-10-18T00:42:06","guid":{"rendered":"http:\/\/www.zonaroja.com.mx\/?p=47025"},"modified":"2022-10-17T19:42:09","modified_gmt":"2022-10-18T00:42:09","slug":"inicia-otra-semana-de-caos-en-oaxaca-a-43-dias-de-terminar-sexenio","status":"publish","type":"post","link":"https:\/\/zonaroja.com.mx\/?p=47025","title":{"rendered":"Inicia otra semana de caos en Oaxaca, a 43 d\u00edas de terminar sexenio"},"content":{"rendered":"\n<p>Yuridiana Sosa\/Zona Roja.<\/p>\n\n\n\n<p>Oaxaca de Ju\u00e1rez,Oax., 17 de octubre de 2022.- El caos en Oaxaca persiste sin control hasta las \u00faltimas semanas de la administraci\u00f3n estatal actual, ante el incumplimiento a diversas demandas que previamente la Secretar\u00eda General de Gobierno (Segego) ignor\u00f3.<\/p>\n\n\n\n<p>Al menos unas cinco manifestaciones se registraron este lunes en la capital del estado y zona conurbada, en las que emplearon los bloqueos a vialidades como la principal fuerza social para exigir atenci\u00f3n.<\/p>\n\n\n\n<p>Desde las primeras horas de la ma\u00f1ana, los estudiantes normalistas volvieron a las calles con acciones de protesta: \u201ctomaron\u201d unidades del transporte urbano para movilizarse hasta la supercarretera Oaxaca-Cuacnopalan, para apoderarse de la caseta de peaje de Huitzo; el cierre permaneci\u00f3 hasta alrededor del mediod\u00eda.<\/p>\n\n\n\n<p>Por otra parte, docentes y padres de familia de la escuela \u00abLuz del Saber\u00bb, se manifestaron en el plantel ubicado en la colonia Guillermo Gonz\u00e1lez Guardado en Villa de Zaachila y en el edificio hist\u00f3rico de la Secci\u00f3n 22 del SNTE, en el Centro Hist\u00f3rico de Oaxaca.<\/p>\n\n\n\n<p>Los maestros se\u00f1alaron que la supervisora de la zona escolar 153 desaloj\u00f3 a los 14 docentes que ah\u00ed laboran, por lo que demandan atenci\u00f3n al caso, su reinstalaci\u00f3n y la apertura de la escuela.<\/p>\n\n\n\n<p>Tambi\u00e9n, en el centro de la ciudad, otro grupo de docentes del nivel de Telesecundaria de Cuicatl\u00e1n, de la regi\u00f3n Ca\u00f1ada, bloquearon calles aleda\u00f1as el edificio de la Secci\u00f3n 22 del SNTE ubicada en la calle de Armenta y L\u00f3pez, afectando la circulaci\u00f3n en esa vialidad en intersecci\u00f3n con Guerrero e Hidalgo.<\/p>\n\n\n\n<p>M\u00e1s de 100 maestros exigieron a la gremial y al Instituto Estatal de Educaci\u00f3n P\u00fablica de Oaxaca (IEEPO) la entrega de documentaci\u00f3n del ciclo escolar que culmino y que afecta actualmente a m\u00e1s de un centenar de alumnos por cada uno de los 34 planteles que sufren esta situaci\u00f3n; los m\u00e1s afectados son los reci\u00e9n egresados.<\/p>\n\n\n\n<p>Por otra parte, la Asamblea de los Pueblos Ind\u00edgenas (API) anunci\u00f3 una movilizaci\u00f3n para el pr\u00f3ximo 23 de octubre con motivo del asesinato de Heriberto Pazos; marchar\u00e1n del crucero de la agencia de Trinidad de Viguera, de Oaxaca de Ju\u00e1rez, sobre la carretera federal 190 y se desplazar\u00e1n hasta el z\u00f3calo.<\/p>\n\n\n\n<p>La organizaci\u00f3n sentenci\u00f3 que sus jornadas de lucha no se detendr\u00e1n en el sexenio de Salom\u00f3n Jara Cruz, pues la alianza pol\u00edtica que se realiz\u00f3 para las elecciones con su partido af\u00edn, Partido de Unidad Popular, s\u00f3lo fue para sacar al PRI del poder, pero mientras son haya justicia, no dar\u00e1n tregua.<\/p>\n\n\n\n<p>&nbsp;A esta serie de expresiones se sumaron con mayor intensidad alumnos, maestros y padres de familia de la Escuela Secundaria T\u00e9cnica n\u00famero 14, mejor conocida como el Internado de Reyes Mantec\u00f3n, quienes bloquearon por varias horas el crucero de la \u201cY\u201d, de la carretera a la Costa, para exigir soluci\u00f3n al Gobierno del Estado mejoras de infraestructura y presupuesto para alimentos.<\/p>\n\n\n\n<p>Mientras tanto, en R\u00edo Grande, Villa de Tututepec, en la regi\u00f3n de la Costa, un grupo de Mujeres Ind\u00edgenas&nbsp; Afros Unidas por el bien de la Costa, march\u00f3 para exigir respeto a sus derechos y cumplimiento a demandas sociales.<\/p>\n","protected":false},"excerpt":{"rendered":"<p>Yuridiana Sosa\/Zona Roja. Oaxaca de Ju\u00e1rez,Oax., 17 de octubre de 2022.- El caos en Oaxaca&hellip;<\/p>\n","protected":false},"author":2,"featured_media":47026,"comment_status":"closed","ping_status":"open","sticky":false,"template":"","format":"standard","meta":{"_lmt_disableupdate":"","_lmt_disable":"","_jetpack_memberships_contains_paid_content":false,"footnotes":""},"categories":[109,47],"tags":[2496],"class_list":["post-47025","post","type-post","status-publish","format-standard","has-post-thumbnail","hentry","category-minuto-a-minuto","category-zona-gris","tag-marchas-y-bloqueos-oaxaca"],"jetpack_featured_media_url":"https:\/\/zonaroja.com.mx\/wp-content\/uploads\/2022\/10\/Protesta-padres-de-familia-Gonzalez-Guardado-1.jpg","jetpack_sharing_enabled":true,"_links":{"self":[{"href":"https:\/\/zonaroja.com.mx\/index.php?rest_route=\/wp\/v2\/posts\/47025","targetHints":{"allow":["GET"]}}],"collection":[{"href":"https:\/\/zonaroja.com.mx\/index.php?rest_route=\/wp\/v2\/posts"}],"about":[{"href":"https:\/\/zonaroja.com.mx\/index.php?rest_route=\/wp\/v2\/types\/post"}],"author":[{"embeddable":true,"href":"https:\/\/zonaroja.com.mx\/index.php?rest_route=\/wp\/v2\/users\/2"}],"replies":[{"embeddable":true,"href":"https:\/\/zonaroja.com.mx\/index.php?rest_route=%2Fwp%2Fv2%2Fcomments&post=47025"}],"version-history":[{"count":1,"href":"https:\/\/zonaroja.com.mx\/index.php?rest_route=\/wp\/v2\/posts\/47025\/revisions"}],"predecessor-version":[{"id":47027,"href":"https:\/\/zonaroja.com.mx\/index.php?rest_route=\/wp\/v2\/posts\/47025\/revisions\/47027"}],"wp:featuredmedia":[{"embeddable":true,"href":"https:\/\/zonaroja.com.mx\/index.php?rest_route=\/wp\/v2\/media\/47026"}],"wp:attachment":[{"href":"https:\/\/zonaroja.com.mx\/index.php?rest_route=%2Fwp%2Fv2%2Fmedia&parent=47025"}],"wp:term":[{"taxonomy":"category","embeddable":true,"href":"https:\/\/zonaroja.com.mx\/index.php?rest_route=%2Fwp%2Fv2%2Fcategories&post=47025"},{"taxonomy":"post_tag","embeddable":true,"href":"https:\/\/zonaroja.com.mx\/index.php?rest_route=%2Fwp%2Fv2%2Ftags&post=47025"}],"curies":[{"name":"wp","href":"https:\/\/api.w.org\/{rel}","templated":true}]}}