{"id":47028,"date":"2022-10-17T20:46:14","date_gmt":"2022-10-18T01:46:14","guid":{"rendered":"http:\/\/www.zonaroja.com.mx\/?p=47028"},"modified":"2022-10-17T20:46:16","modified_gmt":"2022-10-18T01:46:16","slug":"matan-a-machetazos-a-una-mujer-adulta-en-comunidad-de-oaxaca","status":"publish","type":"post","link":"https:\/\/zonaroja.com.mx\/?p=47028","title":{"rendered":"Matan a machetazos a una mujer adulta en comunidad de Oaxaca"},"content":{"rendered":"\n<p>Redacci\u00f3n\/Zona Roja. Imagen ilustrativa.<\/p>\n\n\n\n<p>Oaxaca de Ju\u00e1rez, Oax., a 17 de octubre de 2022.- Una mujer fue asesinada a machetazos, presuntamente por su pareja, en San Juan Colorado, municipio de la regi\u00f3n Costa de Oaxaca.<\/p>\n\n\n\n<p>Los hechos sucedieron la tarde de este lunes en dicha comunidad, en el interior de un domicilio, en que tras una supuesta discusi\u00f3n, un individuo atac\u00f3 a la mujer, de aproximadamente 66 a\u00f1os de edad.<\/p>\n\n\n\n<p>Tras ello, el probable feminicida fue detenido por polic\u00edas municipales, mientras que vecinos y protecci\u00f3n civil municipal apoyaron a la femenina, que fue traslada a un hospital en Santiago Pinotepa Nacional.<\/p>\n\n\n\n<p>Sin embargo, debido a la gravedad de las lesiones, perdi\u00f3 la vida al momento en que iba a recibir atenci\u00f3n m\u00e9dica.<\/p>\n\n\n\n<p>La Vicefiscal\u00eda Regional de la Costa inform\u00f3 que dio inicio a la Carpeta de Investigaci\u00f3n correspondiente, bajo los protocolos de feminicidio.<\/p>\n","protected":false},"excerpt":{"rendered":"<p>Redacci\u00f3n\/Zona Roja. Imagen ilustrativa. Oaxaca de Ju\u00e1rez, Oax., a 17 de octubre de 2022.- Una&hellip;<\/p>\n","protected":false},"author":2,"featured_media":3125,"comment_status":"closed","ping_status":"open","sticky":false,"template":"","format":"standard","meta":{"_lmt_disableupdate":"","_lmt_disable":"","_jetpack_memberships_contains_paid_content":false,"footnotes":""},"categories":[109,51],"tags":[1878],"class_list":["post-47028","post","type-post","status-publish","format-standard","has-post-thumbnail","hentry","category-minuto-a-minuto","category-zona-roja","tag-san-juan-colorado"],"jetpack_featured_media_url":"https:\/\/zonaroja.com.mx\/wp-content\/uploads\/2019\/08\/Machetazo.jpg","jetpack_sharing_enabled":true,"_links":{"self":[{"href":"https:\/\/zonaroja.com.mx\/index.php?rest_route=\/wp\/v2\/posts\/47028","targetHints":{"allow":["GET"]}}],"collection":[{"href":"https:\/\/zonaroja.com.mx\/index.php?rest_route=\/wp\/v2\/posts"}],"about":[{"href":"https:\/\/zonaroja.com.mx\/index.php?rest_route=\/wp\/v2\/types\/post"}],"author":[{"embeddable":true,"href":"https:\/\/zonaroja.com.mx\/index.php?rest_route=\/wp\/v2\/users\/2"}],"replies":[{"embeddable":true,"href":"https:\/\/zonaroja.com.mx\/index.php?rest_route=%2Fwp%2Fv2%2Fcomments&post=47028"}],"version-history":[{"count":1,"href":"https:\/\/zonaroja.com.mx\/index.php?rest_route=\/wp\/v2\/posts\/47028\/revisions"}],"predecessor-version":[{"id":47029,"href":"https:\/\/zonaroja.com.mx\/index.php?rest_route=\/wp\/v2\/posts\/47028\/revisions\/47029"}],"wp:featuredmedia":[{"embeddable":true,"href":"https:\/\/zonaroja.com.mx\/index.php?rest_route=\/wp\/v2\/media\/3125"}],"wp:attachment":[{"href":"https:\/\/zonaroja.com.mx\/index.php?rest_route=%2Fwp%2Fv2%2Fmedia&parent=47028"}],"wp:term":[{"taxonomy":"category","embeddable":true,"href":"https:\/\/zonaroja.com.mx\/index.php?rest_route=%2Fwp%2Fv2%2Fcategories&post=47028"},{"taxonomy":"post_tag","embeddable":true,"href":"https:\/\/zonaroja.com.mx\/index.php?rest_route=%2Fwp%2Fv2%2Ftags&post=47028"}],"curies":[{"name":"wp","href":"https:\/\/api.w.org\/{rel}","templated":true}]}}