{"id":47030,"date":"2022-10-17T21:07:54","date_gmt":"2022-10-18T02:07:54","guid":{"rendered":"http:\/\/www.zonaroja.com.mx\/?p=47030"},"modified":"2022-10-17T21:07:55","modified_gmt":"2022-10-18T02:07:55","slug":"un-hombre-y-una-mujer-llevan-mas-de-cinco-meses-en-carcel-municipal-de-teojomulco","status":"publish","type":"post","link":"https:\/\/zonaroja.com.mx\/?p=47030","title":{"rendered":"Un hombre y una mujer llevan m\u00e1s de cinco meses en c\u00e1rcel municipal de Teojomulco"},"content":{"rendered":"\n<p>Redacci\u00f3n\/Zona Roja.<\/p>\n\n\n\n<p>Oaxaca de Ju\u00e1rez, Oax., a 17 de octubre de 2022.- Luego de que se diera a conocer la privaci\u00f3n de la libertad de Erika D. M. y Rub\u00e9n G.S. por m\u00e1s de cinco meses en los separos municipales de Santo Domingo Teojomulco, la Defensor\u00eda de los Derechos Humanos del Pueblo de Oaxaca (DDHPO) advirti\u00f3 que este hecho representa una grave violaci\u00f3n a los derechos humanos y llam\u00f3 a las autoridades estatales a intervenir de manera inmediata.<\/p>\n\n\n\n<p>El organismo aut\u00f3nomo dict\u00f3 medidas cautelares, mediante las cuales pidi\u00f3 a la Fiscal\u00eda General de Justicia del Estado, iniciar una Carpeta de Investigaci\u00f3n por privaci\u00f3n de la libertad, adem\u00e1s de que, personal de dicha instituci\u00f3n se constituya en la c\u00e1rcel municipal para constar que las personas se encuentran en el lugar y, en caso de que hayan incurrido en un delito, las pongan a disposici\u00f3n, o bien, les garanticen la libertad.<\/p>\n\n\n\n<p>A trav\u00e9s del expediente DDHPO\/1609\/(20)\/OAX\/2022, solicit\u00f3 a la Secretar\u00eda General de Gobierno (Segego), llevar a cabo las mesas de negociaci\u00f3n, as\u00ed como mediaci\u00f3n para lograr la liberaci\u00f3n de ambas personas.<\/p>\n\n\n\n<p>La Defensor\u00eda tambi\u00e9n requiri\u00f3 al municipio que rinda un informe sobre los hechos que se les atribuyen, adem\u00e1s de abstenerse de causar actos violatorios a los derechos humanos de Erika y Rub\u00e9n, as\u00ed como a sus familiares.<\/p>\n\n\n\n<p>La DDHPO tambi\u00e9n tiene conocimiento de la detenci\u00f3n de otras nueve personas en ese mismo centro municipal, de nombres Ahidan B., F\u00e9lix A., Julian R., Esequiel M., Cris\u00f3stomo M., Avelino L., Benancio R., Benito C. y Lorenzo S, hecho por lo que tambi\u00e9n se tiene otro expediente abierto.<\/p>\n\n\n\n<p>De acuerdo con las leyes vigentes en el pa\u00eds, el arresto por faltas administrativas en centros municipales no debe superar las 36 horas, y si bien se reconoce la jurisdicci\u00f3n normativa de las comunidades ind\u00edgenas para establecer sanciones, estas tambi\u00e9n tienen l\u00edmites.<\/p>\n\n\n\n<p>El organismo aut\u00f3nomo reiter\u00f3 que las c\u00e1rceles municipales son sitios de riesgo por la ocurrencia de violaciones a derechos humanos, de tal forma que tan solo de 2015 a octubre de 2022, se han presentado 17 muertes, de las cuales cuatro han ocurrido en este 2022 en los ayuntamientos de Salina Cruz, Huatulco, Juquila y Tlalixtac de Cabrera.<\/p>\n\n\n\n<p>As\u00ed tambi\u00e9n, la Defensor\u00eda ha observado que en diversos municipios se carece de protocolos adecuados para la detenci\u00f3n y custodia de las personas que cometen faltas administrativas y son internadas en las c\u00e1rceles, separos o espacios destinados a cumplir con sanciones privativas de libertad.<\/p>\n\n\n\n<p>Y ha documentado que muchos de esos espacios destinados a prisi\u00f3n preventiva no cuentan con condiciones materiales dignas para contener a personas privadas de la libertad, entre las que se encuentran la falta de: energ\u00eda el\u00e9ctrica, sanitarios, higiene, buena ventilaci\u00f3n, espacios destinados a mujeres o personas adultas mayores o con discapacidad; personal para la custodia permanente y atenta a las personas detenidas, as\u00ed como de m\u00e9dicos para certificar o brindar atenci\u00f3n m\u00e9dica o primeros auxilios.<\/p>\n\n\n\n<p>Aunado a lo anterior, el caso de Erika, Rub\u00e9n y otras nueve personas, quienes durante meses han sido privados de su libertad en Teojomulco, pone un nuevo precedente de actos graves de violaciones a derechos humanos que se pueden registrar en los centros de detenci\u00f3n municipal.<\/p>\n","protected":false},"excerpt":{"rendered":"<p>Redacci\u00f3n\/Zona Roja. Oaxaca de Ju\u00e1rez, Oax., a 17 de octubre de 2022.- Luego de que&hellip;<\/p>\n","protected":false},"author":2,"featured_media":47031,"comment_status":"closed","ping_status":"open","sticky":false,"template":"","format":"standard","meta":{"_lmt_disableupdate":"","_lmt_disable":"","_jetpack_memberships_contains_paid_content":false,"footnotes":""},"categories":[109,47],"tags":[3284],"class_list":["post-47030","post","type-post","status-publish","format-standard","has-post-thumbnail","hentry","category-minuto-a-minuto","category-zona-gris","tag-santo-domingo-teojomulco"],"jetpack_featured_media_url":"https:\/\/zonaroja.com.mx\/wp-content\/uploads\/2022\/10\/Santo-Domingo-Teojomulco-2.jpeg","jetpack_sharing_enabled":true,"_links":{"self":[{"href":"https:\/\/zonaroja.com.mx\/index.php?rest_route=\/wp\/v2\/posts\/47030","targetHints":{"allow":["GET"]}}],"collection":[{"href":"https:\/\/zonaroja.com.mx\/index.php?rest_route=\/wp\/v2\/posts"}],"about":[{"href":"https:\/\/zonaroja.com.mx\/index.php?rest_route=\/wp\/v2\/types\/post"}],"author":[{"embeddable":true,"href":"https:\/\/zonaroja.com.mx\/index.php?rest_route=\/wp\/v2\/users\/2"}],"replies":[{"embeddable":true,"href":"https:\/\/zonaroja.com.mx\/index.php?rest_route=%2Fwp%2Fv2%2Fcomments&post=47030"}],"version-history":[{"count":1,"href":"https:\/\/zonaroja.com.mx\/index.php?rest_route=\/wp\/v2\/posts\/47030\/revisions"}],"predecessor-version":[{"id":47033,"href":"https:\/\/zonaroja.com.mx\/index.php?rest_route=\/wp\/v2\/posts\/47030\/revisions\/47033"}],"wp:featuredmedia":[{"embeddable":true,"href":"https:\/\/zonaroja.com.mx\/index.php?rest_route=\/wp\/v2\/media\/47031"}],"wp:attachment":[{"href":"https:\/\/zonaroja.com.mx\/index.php?rest_route=%2Fwp%2Fv2%2Fmedia&parent=47030"}],"wp:term":[{"taxonomy":"category","embeddable":true,"href":"https:\/\/zonaroja.com.mx\/index.php?rest_route=%2Fwp%2Fv2%2Fcategories&post=47030"},{"taxonomy":"post_tag","embeddable":true,"href":"https:\/\/zonaroja.com.mx\/index.php?rest_route=%2Fwp%2Fv2%2Ftags&post=47030"}],"curies":[{"name":"wp","href":"https:\/\/api.w.org\/{rel}","templated":true}]}}