{"id":47040,"date":"2022-10-18T10:37:00","date_gmt":"2022-10-18T15:37:00","guid":{"rendered":"http:\/\/www.zonaroja.com.mx\/?p=47040"},"modified":"2022-10-18T06:43:12","modified_gmt":"2022-10-18T11:43:12","slug":"con-beatriz-paredes-y-murat-inicia-el-pri-destape-de-presidenciables","status":"publish","type":"post","link":"https:\/\/zonaroja.com.mx\/?p=47040","title":{"rendered":"Con Beatriz Paredes y Murat, inicia el PRI \u201cdestape\u201d de presidenciables"},"content":{"rendered":"\n<p>Redacci\u00f3n\/Zona Roja Cdmx.<\/p>\n\n\n\n<p>Ciudad de M\u00e9xico, a 18 de octubre de 2022.- Con sus \u201cDi\u00e1logos por M\u00e9xico\u201d, el PRI mostr\u00f3 m\u00fasculo electoral al presentar a dos de sus aspirantes a la candidatura presidencial en 2024: Alejandro Murat Hinojosa y Beatriz Paredes Rangel.&nbsp;<\/p>\n\n\n\n<p>Retrato de sus mejores tiempos, el Revolucionario Institucional vio desbordar el auditorio \u201cPlutarco El\u00edas Calles\u201d, con cientos de asistentes que escucharon al gobernador de Oaxaca sostener que en su partido lo saben muy bien: \u201cDi\u00e1logo, siempre di\u00e1logo, porque se construye con las mayor\u00edas, pero no las que aplastan a las minor\u00edas\u201d.<\/p>\n\n\n\n<p>A la sede nacional pri\u00edsta tambi\u00e9n acudieron como invitados Jos\u00e9 \u00c1ngel Gurr\u00eda, ex canciller, ex secretario de Hacienda y ex director de la Organizaci\u00f3n para la Cooperaci\u00f3n y el Desarrollo Econ\u00f3micos (OCDE) y el ex secretario de Econom\u00eda Ildefonso Guajardo, quien opt\u00f3 por no colocarse en la lista de los presidenciables de su partido.&nbsp;<\/p>\n\n\n\n<p>Ah\u00ed, el presidente pri\u00edsta Alejandro Moreno C\u00e1rdenas abri\u00f3 por completo la convocatoria a una alianza amplia para ganar el Congreso y un gobierno de coalici\u00f3n entre su partido, el PAN, Movimiento Ciudadano y el PRD.<\/p>\n\n\n\n<p>Asistieron los ex l\u00edderes nacionales del PRI Manlio Fabio Beltrones Rivera (quien acudi\u00f3 como invitado por Paredes), Jos\u00e9 Antonio Gonz\u00e1lez Fern\u00e1ndez, Pedro Joaqu\u00edn Coldwell y Beatriz Paredes Rangel, as\u00ed como la secretaria general del Comit\u00e9 Ejecutivo Nacional, Carolina Viggiano, Sergio Garc\u00eda Ram\u00edrez y Mar\u00eda Esther Sherman, entre otros. El evento continuar\u00e1 este martes con la presencia de Miguel \u00c1ngel Riquelme, Enrique Villegas, Claudia Ruiz Massieu y Enrique de la Madrid.<\/p>\n\n\n\n<p>En su turno, el gobernador Murat se dijo listo y preparado para ser el candidato presidencial del PRI: \u201c\u00a1Por eso estamos aqu\u00ed!\u201d Con soltura, el oaxaque\u00f1o adujo que M\u00e9xico tiene todas las condiciones para crecer, para desarrollarse y que basta tener la planeaci\u00f3n correcta y ejecutarla.<\/p>\n\n\n\n<p>\u201cSi queremos crear, tenemos que construir. El PRI siempre lo ha entendido. Porque saben c\u00f3mo se construye: con di\u00e1logo y cuando se agota el di\u00e1logo, \u00a1m\u00e1s di\u00e1logo! No es en la descalificaci\u00f3n, es en la esperanza que se construye. Es cuando se escucha a ese M\u00e9xico profundo, que est\u00e1 all\u00e1 afuera dispuesto a morir por dignidad. Se construye a trav\u00e9s de mayor\u00edas, pero no las que aplastan a las minor\u00edas, sino las que las incorporan y las orientan; se construye cuando hay di\u00e1logo&#8230; el di\u00e1logo de la historia\u201d. Cit\u00f3 entonces a Benito Ju\u00e1rez, \u201cque a salto de mata mantuvo una idea de la Rep\u00fablica que representa para nosotros la libertad\u201d.<\/p>\n\n\n\n<p>FIRME ASPIRANTE<\/p>\n\n\n\n<p>Por su parte, Beatriz Paredes tambi\u00e9n se dijo firme aspirante de una amplia coalici\u00f3n opositora \u2013de la que forme parte el Revolucionario Institucional\u2013 y convoc\u00f3 a la alianza.<\/p>\n\n\n\n<p>As\u00ed, abund\u00f3 en que la elecci\u00f3n de 2024 ser\u00e1 particular porque impera la definici\u00f3n de nuevas coordenadas para la conformaci\u00f3n del pa\u00eds, de nuevos desaf\u00edos, como \u201cla centralizaci\u00f3n excesiva del poder, el debilitamiento y desprestigio sobre otros poderes de la Rep\u00fablica y el aplastamiento del federalismo; se habla del nuevo maximato: es el desconocimiento del proceso democr\u00e1tico del pa\u00eds\u201d.<\/p>\n\n\n\n<p>Gurr\u00eda, invitado como ponente, enfoc\u00f3 su participaci\u00f3n en llamar a la alianza opositora: \u201cEs prioritario, indispensable, redefinir las reglas que funcionar\u00e1n para la coalici\u00f3n Va por M\u00e9xico. As\u00ed habr\u00e1 posibilidad de prevalecer, de ganar, de cambiar el sistema pol\u00edtico de M\u00e9xico. Una alianza de la que resulte un bloque legislativo igualmente mayoritario y un gobierno apoyados colectivamente, otra vez, por MC, PRD, PAN y PRI, que definan juntos filosof\u00eda, las iniciativas legislativas, cuando menos las m\u00e1s importantes, los principales actos de gobierno\u201d.<\/p>\n\n\n\n<p>Al inaugurar el evento, Moreno convoc\u00f3 a la ciudadan\u00eda en general y a PAN, MC y PRD a una gran alianza por la unidad nacional, que resuelva los grandes problemas de M\u00e9xico. Ofreci\u00f3 a las fuerzas opositoras el compromiso del PRI y \u201cexperiencia para sacar al pa\u00eds de sus horas m\u00e1s dif\u00edciles. Tengan la certeza de que seguiremos actuando con toda responsabilidad y congruencia\u201d.<\/p>\n\n\n\n<p>(Informaci\u00f3n de \u201cLa Jornada\u201d)<\/p>\n","protected":false},"excerpt":{"rendered":"<p>Redacci\u00f3n\/Zona Roja Cdmx. Ciudad de M\u00e9xico, a 18 de octubre de 2022.- Con sus \u201cDi\u00e1logos&hellip;<\/p>\n","protected":false},"author":2,"featured_media":47041,"comment_status":"closed","ping_status":"open","sticky":false,"template":"","format":"standard","meta":{"_lmt_disableupdate":"","_lmt_disable":"","_jetpack_memberships_contains_paid_content":false,"footnotes":""},"categories":[109,46],"tags":[173],"class_list":["post-47040","post","type-post","status-publish","format-standard","has-post-thumbnail","hentry","category-minuto-a-minuto","category-zona-blanca","tag-alejandro-murat-hinojosa"],"jetpack_featured_media_url":"https:\/\/zonaroja.com.mx\/wp-content\/uploads\/2022\/10\/Beatriz-Paredes-y-Alejandro-Murat.jpg","jetpack_sharing_enabled":true,"_links":{"self":[{"href":"https:\/\/zonaroja.com.mx\/index.php?rest_route=\/wp\/v2\/posts\/47040","targetHints":{"allow":["GET"]}}],"collection":[{"href":"https:\/\/zonaroja.com.mx\/index.php?rest_route=\/wp\/v2\/posts"}],"about":[{"href":"https:\/\/zonaroja.com.mx\/index.php?rest_route=\/wp\/v2\/types\/post"}],"author":[{"embeddable":true,"href":"https:\/\/zonaroja.com.mx\/index.php?rest_route=\/wp\/v2\/users\/2"}],"replies":[{"embeddable":true,"href":"https:\/\/zonaroja.com.mx\/index.php?rest_route=%2Fwp%2Fv2%2Fcomments&post=47040"}],"version-history":[{"count":1,"href":"https:\/\/zonaroja.com.mx\/index.php?rest_route=\/wp\/v2\/posts\/47040\/revisions"}],"predecessor-version":[{"id":47042,"href":"https:\/\/zonaroja.com.mx\/index.php?rest_route=\/wp\/v2\/posts\/47040\/revisions\/47042"}],"wp:featuredmedia":[{"embeddable":true,"href":"https:\/\/zonaroja.com.mx\/index.php?rest_route=\/wp\/v2\/media\/47041"}],"wp:attachment":[{"href":"https:\/\/zonaroja.com.mx\/index.php?rest_route=%2Fwp%2Fv2%2Fmedia&parent=47040"}],"wp:term":[{"taxonomy":"category","embeddable":true,"href":"https:\/\/zonaroja.com.mx\/index.php?rest_route=%2Fwp%2Fv2%2Fcategories&post=47040"},{"taxonomy":"post_tag","embeddable":true,"href":"https:\/\/zonaroja.com.mx\/index.php?rest_route=%2Fwp%2Fv2%2Ftags&post=47040"}],"curies":[{"name":"wp","href":"https:\/\/api.w.org\/{rel}","templated":true}]}}