{"id":47051,"date":"2022-10-18T07:55:43","date_gmt":"2022-10-18T12:55:43","guid":{"rendered":"http:\/\/www.zonaroja.com.mx\/?p=47051"},"modified":"2022-10-18T07:55:45","modified_gmt":"2022-10-18T12:55:45","slug":"gugar-dobla-las-manos-y-dice-que-entregara-la-totalidad-de-tierras-a-coyotepec","status":"publish","type":"post","link":"https:\/\/zonaroja.com.mx\/?p=47051","title":{"rendered":"Gugar dobla las manos y dice que entregar\u00e1 la totalidad de tierras a Coyotepec"},"content":{"rendered":"\n<p>Yuridiana Sosa\/ Zona Roja.<\/p>\n\n\n\n<p>Oaxaca de Ju\u00e1rez, Oax.,18 de octubre de 2022.- La luchas por la defensa del agua y territorio que emprendi\u00f3 legalmente hace 15 a\u00f1os y socialmente hace m\u00e1s de un mes San Bartolo Coyotepec contra la envasadora Gugar, podr\u00eda llegar a su fin ante la aceptaci\u00f3n de la empresa a las peticiones de la asamblea de la comunidad.<\/p>\n\n\n\n<p>El pasado 15 de octubre, la empresa Gugar, acept\u00f3 en mesa de di\u00e1logo, la entrega total del predio que ocup\u00f3 para su instalaci\u00f3n en dicho municipio ubicado al sur de la capital, lo que significa que devolver\u00e1 las cuatro hect\u00e1reas restantes, luego que el 10 de septiembre la comunidad recuper\u00f3 10 de sus hect\u00e1reas \u2013de un total de 14-.<\/p>\n\n\n\n<p>Gugar declin\u00f3 las peticiones para la comunidad, a la que ped\u00eda m\u00e1s de mil 100 millones de pesos para su salida; ahora, no demanda ning\u00fan tipo de remuneraci\u00f3n, indic\u00f3 la asamblea.<\/p>\n\n\n\n<p>Por el contrario, Gugar accedi\u00f3 a cumplir con el pago de sus obligaciones fiscales con la comunidad durante los cuatro a\u00f1os que le restan de operaciones, tiempo que tambi\u00e9n fueron aceptados como plazo final para irse de Coyotepec.<\/p>\n\n\n\n<p>Esto, tambi\u00e9n como muestra de flexibilidad de la asamblea, quien a mediados de septiembre hab\u00eda votado para que s\u00f3lo se le diera un plazo de dos a\u00f1os m\u00e1s para el retiro de la empresa, propiedad del empresario Carlos Guzm\u00e1n Gardeaz\u00e1bal.<\/p>\n\n\n\n<p>PUEBLO EN RESISTENCIA<\/p>\n\n\n\n<p>A pesar que desde hace m\u00e1s de una d\u00e9cada la comunidad emprendi\u00f3 una batalla legal para recuperar sus tierras y defender el agua, y de sentencias a favor, fue hasta el pasado 5 de septiembre que con la \u201ctoma\u201d de la planta Gugar hubo flexiones para sumar luchas ganadas.<\/p>\n\n\n\n<p>Esa nueva etapa de lucha fue aprobada a finales de agosto por la asamblea comunitaria.<\/p>\n\n\n\n<p>Tras apoderarse de las instalaciones e iniciar un plant\u00f3n que a la fecha contin\u00faa, el 7 de septiembre San Bartolo Coyotepec logr\u00f3 la cancelaci\u00f3n del pozo profundo, del cual Gugar extra\u00eda, en promedio, 504 millones 576 mil litros de agua al a\u00f1o.<\/p>\n\n\n\n<p>El plant\u00f3n contin\u00faa y el 10 de septiembre el gobernador Alejandro Murat, asisti\u00f3 al sitio de la resistencia para anunciar y firmar como testigo que la empresa hab\u00eda accedido a entregar las primeras 10 hect\u00e1reas y el resto ser\u00eda acordado en un plazo que se analizar\u00eda.<\/p>\n\n\n\n<p>Para reforzar su estrategia, la Comisi\u00f3n por la Defensa del Agua de San Bartolo Coyotepec ha llevado a cabo diversas actividades culturales, art\u00edsticas y de concientizaci\u00f3n, la m\u00e1s reciente realizada el pasado 2 de octubre con la asistencia de especialistas, comunidades, colectivos y defensores de la tierra.&nbsp;<\/p>\n","protected":false},"excerpt":{"rendered":"<p>Yuridiana Sosa\/ Zona Roja. Oaxaca de Ju\u00e1rez, Oax.,18 de octubre de 2022.- La luchas por&hellip;<\/p>\n","protected":false},"author":2,"featured_media":47021,"comment_status":"closed","ping_status":"open","sticky":false,"template":"","format":"standard","meta":{"_lmt_disableupdate":"","_lmt_disable":"","_jetpack_memberships_contains_paid_content":false,"footnotes":""},"categories":[109,47],"tags":[1155],"class_list":["post-47051","post","type-post","status-publish","format-standard","has-post-thumbnail","hentry","category-minuto-a-minuto","category-zona-gris","tag-san-bartolo-coyotepec"],"jetpack_featured_media_url":"https:\/\/zonaroja.com.mx\/wp-content\/uploads\/2022\/10\/Asamblea-Coyotepec-caso-Gugar.jpg","jetpack_sharing_enabled":true,"_links":{"self":[{"href":"https:\/\/zonaroja.com.mx\/index.php?rest_route=\/wp\/v2\/posts\/47051","targetHints":{"allow":["GET"]}}],"collection":[{"href":"https:\/\/zonaroja.com.mx\/index.php?rest_route=\/wp\/v2\/posts"}],"about":[{"href":"https:\/\/zonaroja.com.mx\/index.php?rest_route=\/wp\/v2\/types\/post"}],"author":[{"embeddable":true,"href":"https:\/\/zonaroja.com.mx\/index.php?rest_route=\/wp\/v2\/users\/2"}],"replies":[{"embeddable":true,"href":"https:\/\/zonaroja.com.mx\/index.php?rest_route=%2Fwp%2Fv2%2Fcomments&post=47051"}],"version-history":[{"count":1,"href":"https:\/\/zonaroja.com.mx\/index.php?rest_route=\/wp\/v2\/posts\/47051\/revisions"}],"predecessor-version":[{"id":47052,"href":"https:\/\/zonaroja.com.mx\/index.php?rest_route=\/wp\/v2\/posts\/47051\/revisions\/47052"}],"wp:featuredmedia":[{"embeddable":true,"href":"https:\/\/zonaroja.com.mx\/index.php?rest_route=\/wp\/v2\/media\/47021"}],"wp:attachment":[{"href":"https:\/\/zonaroja.com.mx\/index.php?rest_route=%2Fwp%2Fv2%2Fmedia&parent=47051"}],"wp:term":[{"taxonomy":"category","embeddable":true,"href":"https:\/\/zonaroja.com.mx\/index.php?rest_route=%2Fwp%2Fv2%2Fcategories&post=47051"},{"taxonomy":"post_tag","embeddable":true,"href":"https:\/\/zonaroja.com.mx\/index.php?rest_route=%2Fwp%2Fv2%2Ftags&post=47051"}],"curies":[{"name":"wp","href":"https:\/\/api.w.org\/{rel}","templated":true}]}}