{"id":47053,"date":"2022-10-18T08:11:49","date_gmt":"2022-10-18T13:11:49","guid":{"rendered":"http:\/\/www.zonaroja.com.mx\/?p=47053"},"modified":"2022-10-18T08:11:50","modified_gmt":"2022-10-18T13:11:50","slug":"inicia-sindicato-paro-de-brazos-caidos-en-los-servicios-de-salud-de-oaxaca","status":"publish","type":"post","link":"https:\/\/zonaroja.com.mx\/?p=47053","title":{"rendered":"Inicia sindicato paro de \u00abbrazos ca\u00eddos\u00bb en los Servicios de Salud de Oaxaca"},"content":{"rendered":"\n<p>Ismael Garc\u00eda M.\/Zona Roja.<\/p>\n\n\n\n<p>Oaxaca de Ju\u00e1rez, Oax., a 18 de octubre de 2022.- Sin especificar el tipo de demandas pendientes de soluci\u00f3n, la Secci\u00f3n 94 del Sindicato Nacional de Trabajadores de Salud inici\u00f3 esta ma\u00f1ana un paro de \u00abbrazos ca\u00eddos\u00bb, bajo la modalidad de \u00abasamblea permanente\u00bb.<\/p>\n\n\n\n<p>En un comunicado con fecha de ayer lunes, dirigido a los delegados, la gremial detall\u00f3 que el pasado 14 de octubre se efectu\u00f3 una reuni\u00f3n con los representantes de los centros de trabajo \u00abdonde se expusieron las problem\u00e1ticas que se han venido suscitando en las diferentes \u00e1reas laborales\u00bb, y que no han tenido atenci\u00f3n de los Servicios de Salud de Oaxaca (SSO).<\/p>\n\n\n\n<p>Tras ello, las 13 delegaciones que conforman la Secci\u00f3n 94, secci\u00f3n Paludismo, determinaron iniciar hoy desde las 08:00 horas una \u00abasamblea permanente\u00bb.<\/p>\n\n\n\n<p>Pidi\u00f3 a los delegados organizarse para los roles de guardias correspondientes y la \u00abtoma\u00bb de unidades m\u00e9dicas, hospitales y centros administrativos en las seis jurisdicciones sanitarias de los SSO, que encabeza Virginia S\u00e1nchez R\u00edos.<\/p>\n\n\n\n<p>Ayer, los agremiados a esa secci\u00f3n sindical, dependiente del Sindicato Nacional de Trabajadores de la Secretar\u00eda de Salud, hicieron presencia por unos momentos en las oficinas principales de los Servicios de Salud, en el centro de la ciudad de Oaxaca, tras lo cual se retiraron.<\/p>\n","protected":false},"excerpt":{"rendered":"<p>Ismael Garc\u00eda M.\/Zona Roja. Oaxaca de Ju\u00e1rez, Oax., a 18 de octubre de 2022.- Sin&hellip;<\/p>\n","protected":false},"author":2,"featured_media":47054,"comment_status":"closed","ping_status":"open","sticky":false,"template":"","format":"standard","meta":{"_lmt_disableupdate":"","_lmt_disable":"","_jetpack_memberships_contains_paid_content":false,"footnotes":""},"categories":[109,47],"tags":[1005],"class_list":["post-47053","post","type-post","status-publish","format-standard","has-post-thumbnail","hentry","category-minuto-a-minuto","category-zona-gris","tag-servicios-de-salud-de-oaxaca-sso"],"jetpack_featured_media_url":"https:\/\/zonaroja.com.mx\/wp-content\/uploads\/2022\/10\/Oficio-paro-Paludismo-Oaxaca.jpg","jetpack_sharing_enabled":true,"_links":{"self":[{"href":"https:\/\/zonaroja.com.mx\/index.php?rest_route=\/wp\/v2\/posts\/47053","targetHints":{"allow":["GET"]}}],"collection":[{"href":"https:\/\/zonaroja.com.mx\/index.php?rest_route=\/wp\/v2\/posts"}],"about":[{"href":"https:\/\/zonaroja.com.mx\/index.php?rest_route=\/wp\/v2\/types\/post"}],"author":[{"embeddable":true,"href":"https:\/\/zonaroja.com.mx\/index.php?rest_route=\/wp\/v2\/users\/2"}],"replies":[{"embeddable":true,"href":"https:\/\/zonaroja.com.mx\/index.php?rest_route=%2Fwp%2Fv2%2Fcomments&post=47053"}],"version-history":[{"count":1,"href":"https:\/\/zonaroja.com.mx\/index.php?rest_route=\/wp\/v2\/posts\/47053\/revisions"}],"predecessor-version":[{"id":47055,"href":"https:\/\/zonaroja.com.mx\/index.php?rest_route=\/wp\/v2\/posts\/47053\/revisions\/47055"}],"wp:featuredmedia":[{"embeddable":true,"href":"https:\/\/zonaroja.com.mx\/index.php?rest_route=\/wp\/v2\/media\/47054"}],"wp:attachment":[{"href":"https:\/\/zonaroja.com.mx\/index.php?rest_route=%2Fwp%2Fv2%2Fmedia&parent=47053"}],"wp:term":[{"taxonomy":"category","embeddable":true,"href":"https:\/\/zonaroja.com.mx\/index.php?rest_route=%2Fwp%2Fv2%2Fcategories&post=47053"},{"taxonomy":"post_tag","embeddable":true,"href":"https:\/\/zonaroja.com.mx\/index.php?rest_route=%2Fwp%2Fv2%2Ftags&post=47053"}],"curies":[{"name":"wp","href":"https:\/\/api.w.org\/{rel}","templated":true}]}}