{"id":4706,"date":"2019-10-10T15:15:35","date_gmt":"2019-10-10T20:15:35","guid":{"rendered":"https:\/\/www.zonaroja.com.mx\/?p=4706"},"modified":"2019-10-10T15:15:37","modified_gmt":"2019-10-10T20:15:37","slug":"se-acumulan-protestas-al-titular-de-los-servicios-de-salud-de-oaxaca","status":"publish","type":"post","link":"https:\/\/zonaroja.com.mx\/?p=4706","title":{"rendered":"Se acumulan protestas al titular de los Servicios de Salud de Oaxaca"},"content":{"rendered":"\n<p>Redacci\u00f3n\/Zona Roja.&nbsp;<\/p>\n\n\n\n<p>&nbsp;Oaxaca de Ju\u00e1rez, Oax., 10 de octubre de 2019.- Dos protestas se sumaron este jueves a la crisis por el incremento de casos de personas enfermas de dengue, que enfrentan los Servicios de Salud de Oaxaca.&nbsp;<\/p>\n\n\n\n<p>Desde temprana hora, personal adscritos al Centro Estatal de Transfusi\u00f3n Sangu\u00ednea bloque\u00f3 la calzada Porfirio D\u00edaz y la calle Fuerza A\u00e9rea Mexicana, para exigir soluci\u00f3n a un problema que denunciaron desde el pasado lunes.&nbsp;<\/p>\n\n\n\n<p>Exigen la ampliaci\u00f3n del espacio en el que el d\u00eda de hoy realizan sus actividades y que ha sido rebasado por la cantidad de personas que atienden durante el d\u00eda.<\/p>\n\n\n\n<p>&nbsp;Areli Magdalena Cortes Jim\u00e9nez asegur\u00f3 que le titular de los SSO, Donato Casas Escamilla, ha hecho o\u00eddos sordos a la problem\u00e1tica que desde hace tiempo ha manifestado el personal que ah\u00ed labora.<\/p>\n\n\n\n<p>Detall\u00f3 que hay un oficio emitido en el mes de mayo del 2016 que explica la existencia de cuatro &nbsp;millones de pesos de recurso asignado para los trabajos de ampliaci\u00f3n del lugar, que ya fue asignado a una empresa constructora para que iniciara los trabajos, la cual no pudo iniciar debido a la oposici\u00f3n de un grupo de trabajadores del Hospital Civil \u00abDr. Aurelio Valdivieso\u00bb.&nbsp;<\/p>\n\n\n\n<p>Cortes Jim\u00e9nez indic\u00f3 que \u00fanicamente se han realizado una adecuaci\u00f3n en la sala de espera de las personas donantes, que son entre 50 y 60 las que reciben al d\u00eda, lo cual de ninguna manera es suficiente, ya que fue da\u00f1ado por los propios compa\u00f1eros de ense\u00f1anza al interior del nosocomio, que se han sentido agredidos por la ampliaci\u00f3n del Centro de Transfusi\u00f3n.&nbsp;&nbsp;<\/p>\n\n\n\n<p>\u201cLo \u00fanico que queremos es la soluci\u00f3n, y la soluci\u00f3n es la ampliaci\u00f3n del espacio, que se respete la aplicaci\u00f3n del recurso asignado de cuatro millones desde el 2016, dinero que dicen que todav\u00eda existe y hay que ejecutarlo\u201d, declar\u00f3.<\/p>\n\n\n\n<p>Asegur\u00f3 que en la protesta participan alrededor de 50 trabajadores, misma que sali\u00f3 a las calles debido a que el titular de los SSO, Donato Casa, no ha atendido la problem\u00e1tica, afectando a los pacientes y donadores que no cuentan con un espacio digno para ser recibidos.&nbsp;Record\u00f3 que se trata de un Centro Estatal de Transfusi\u00f3n Sangu\u00edneo y no un banco de sangre, mismo que cobra vital importancia ya que da cobertura en toda la entidad, por lo que su atenci\u00f3n es urgente debido a la labor que realizan.&nbsp;&nbsp;Dos horas despu\u00e9s arrib\u00f3 el titular de Salud al lugar y pasado el mediod\u00eda fue retirada la protesta, aunque hasta el momento no hay soluci\u00f3n definitiva.&nbsp;Mientras tanto, afiliados a la Secci\u00f3n 73 del Sindicato Nacional de Trabajadores de la Secretar\u00eda de Salud cerraron las oficinas principales de los SSO y la calle J.P. Garc\u00eda del Centro Hist\u00f3rico, para denunciar falta de insumos y equipos para prevenir las enfermedades transmitidas por vector, como el dengue, zika y chikungunya.&nbsp;Acusaron que desde inicios de octubre hab\u00edan advertido del p\u00e9simo equipo de trabajo as\u00ed como la necesidad de contar con equipos adecuados e insecticida eficaz, lo cual no ha ocurrido, por lo que el dengue y otras enfermedades de vector se encurtan fuera de control.&nbsp;<\/p>\n\n\n\n<p><\/p>\n","protected":false},"excerpt":{"rendered":"<p>Redacci\u00f3n\/Zona Roja.&nbsp; &nbsp;Oaxaca de Ju\u00e1rez, Oax., 10 de octubre de 2019.- Dos protestas se sumaron&hellip;<\/p>\n","protected":false},"author":2,"featured_media":4705,"comment_status":"closed","ping_status":"open","sticky":false,"template":"","format":"standard","meta":{"_lmt_disableupdate":"","_lmt_disable":"","_jetpack_memberships_contains_paid_content":false,"footnotes":""},"categories":[1],"tags":[],"class_list":["post-4706","post","type-post","status-publish","format-standard","has-post-thumbnail","hentry","category-sin-categoria"],"jetpack_featured_media_url":"https:\/\/zonaroja.com.mx\/wp-content\/uploads\/2019\/10\/c0bbc951-3570-4435-b04f-21c277d69ec7.jpg","jetpack_sharing_enabled":true,"_links":{"self":[{"href":"https:\/\/zonaroja.com.mx\/index.php?rest_route=\/wp\/v2\/posts\/4706","targetHints":{"allow":["GET"]}}],"collection":[{"href":"https:\/\/zonaroja.com.mx\/index.php?rest_route=\/wp\/v2\/posts"}],"about":[{"href":"https:\/\/zonaroja.com.mx\/index.php?rest_route=\/wp\/v2\/types\/post"}],"author":[{"embeddable":true,"href":"https:\/\/zonaroja.com.mx\/index.php?rest_route=\/wp\/v2\/users\/2"}],"replies":[{"embeddable":true,"href":"https:\/\/zonaroja.com.mx\/index.php?rest_route=%2Fwp%2Fv2%2Fcomments&post=4706"}],"version-history":[{"count":1,"href":"https:\/\/zonaroja.com.mx\/index.php?rest_route=\/wp\/v2\/posts\/4706\/revisions"}],"predecessor-version":[{"id":4707,"href":"https:\/\/zonaroja.com.mx\/index.php?rest_route=\/wp\/v2\/posts\/4706\/revisions\/4707"}],"wp:featuredmedia":[{"embeddable":true,"href":"https:\/\/zonaroja.com.mx\/index.php?rest_route=\/wp\/v2\/media\/4705"}],"wp:attachment":[{"href":"https:\/\/zonaroja.com.mx\/index.php?rest_route=%2Fwp%2Fv2%2Fmedia&parent=4706"}],"wp:term":[{"taxonomy":"category","embeddable":true,"href":"https:\/\/zonaroja.com.mx\/index.php?rest_route=%2Fwp%2Fv2%2Fcategories&post=4706"},{"taxonomy":"post_tag","embeddable":true,"href":"https:\/\/zonaroja.com.mx\/index.php?rest_route=%2Fwp%2Fv2%2Ftags&post=4706"}],"curies":[{"name":"wp","href":"https:\/\/api.w.org\/{rel}","templated":true}]}}