{"id":47061,"date":"2022-10-18T19:56:26","date_gmt":"2022-10-19T00:56:26","guid":{"rendered":"http:\/\/www.zonaroja.com.mx\/?p=47061"},"modified":"2022-10-18T19:56:28","modified_gmt":"2022-10-19T00:56:28","slug":"no-puede-martinez-neri-con-conflictos-ahora-colonos-y-ambulantes-colapsan-la-ciudad","status":"publish","type":"post","link":"https:\/\/zonaroja.com.mx\/?p=47061","title":{"rendered":"No puede Mart\u00ednez Neri con conflictos; ahora colonos y ambulantes colapsan la ciudad"},"content":{"rendered":"\n<p>Yuridiana Sosa\/Zona Roja.<\/p>\n\n\n\n<p>Oaxaca de Ju\u00e1rez, Oax., 18 de octubre de 2022.- Adem\u00e1s de la crisis de la basura, al edil Francisco Mart\u00ednez Neri se le acumularon m\u00e1s conflictos este martes, con protestas de colonos y de vendedores ambulantes.<\/p>\n\n\n\n<p>Habitantes de la la colonia Los Encinos, de la agencia de Santa Rosa Panzacola, Oaxaca de Ju\u00e1rez, activaron una serie de bloqueos en el Centro Hist\u00f3rico para denunciar la falta de servicios b\u00e1sicos y exigir aplicaci\u00f3n de recursos.<\/p>\n\n\n\n<p>Desde temprana hora, los vecinos se concentraron sobre la calle de Crespo e Independencia, cerca del Palacio Municipal, para reclamar la falta de obras como son electrificaci\u00f3n y red de agua potable, as\u00ed como pavimentaci\u00f3n y escrituraci\u00f3n de sus predios.<\/p>\n\n\n\n<p>Los colonos, representados por el presidente Roberto Mart\u00ednez Trujillo, apuntaron que en lo que va de la administraci\u00f3n municipal no ha priorizado obra para su colonia, mientras que el Gobierno del Estado se olvid\u00f3 de las promesas realizadas en campa\u00f1a y hace dos a\u00f1os.<\/p>\n\n\n\n<p>Para la obra de electrificaci\u00f3n supuestamente ya se hab\u00eda generado el folio 4244 para otorgarles el recurso por parte de la Secretar\u00eda de Finanzas, pero nunca lleg\u00f3.<\/p>\n\n\n\n<p>Los habitantes se\u00f1alaron que retirar\u00edan el bloqueo hasta tener respuesta a su favor, y a pesar que fueron citados a una mesa de di\u00e1logo con la autoridad municipal para atender sus peticiones, el bloqueo se extendi\u00f3.<\/p>\n\n\n\n<p>Por varias horas se interrumpi\u00f3 la vialidad desde avenida de Divisi\u00f3n Oriente, en inmediaciones de Jard\u00edn Morelos, afectando\u00a0el paso a las calles de Independencia, 20 de Noviembre, J.P Garc\u00eda, Crespo, Morelos y\u00a0 Mier y Ter\u00e1n.<\/p>\n\n\n\n<figure class=\"wp-block-embed is-type-rich is-provider-twitter wp-block-embed-twitter\"><div class=\"wp-block-embed__wrapper\">\n<div class=\"twitter-tweet\"><blockquote class=\"twitter-tweet\" data-lang=\"es\"><p lang=\"es\" dir=\"ltr\"><a href=\"https:\/\/twitter.com\/hashtag\/%C3%9AltimoMinuto?src=hash&amp;ref_src=twsrc%5Etfw\">#\u00daltimoMinuto<\/a> <br>Y mientras la inseguridad crece en la ciudad de <a href=\"https:\/\/twitter.com\/hashtag\/Oaxaca?src=hash&amp;ref_src=twsrc%5Etfw\">#Oaxaca<\/a>, el <a href=\"https:\/\/twitter.com\/MunicipioOaxaca?ref_src=twsrc%5Etfw\">@MunicipioOaxaca<\/a> utiliza a seis patrullas y decena de elementos, incluyendo el secretario Ra\u00fal \u00c1vila, en la calle Aldama\u2026 para retirar un puesto ambulante. <a href=\"https:\/\/t.co\/WMNTu1B5iJ\">pic.twitter.com\/WMNTu1B5iJ<\/a><\/p>&mdash; Zona Roja Oaxaca (@ZonaRoja_Oaxaca) <a href=\"https:\/\/twitter.com\/ZonaRoja_Oaxaca\/status\/1582443214149062656?ref_src=twsrc%5Etfw\">18 de octubre de 2022<\/a><\/blockquote><\/div>\n<\/div><\/figure>\n\n\n\n<p>Posteriormente, ya por la tarde, se retiraron del Centro Hist\u00f3rico pero se colocaron en la calzada H\u00e9roes de Chapultepec con avenida Ju\u00e1rez y en inmediaciones del monumento a la Madre.<\/p>\n\n\n\n<p>L\u00cdO CON AMBULANTES<\/p>\n\n\n\n<p>Por otra parte, mientras la circulaci\u00f3n vial era afectada y ante la inconformidad ciudadana, la Polic\u00eda Municipal realizaba operativos para el retiro de puestos ambulantes en el Centro Hist\u00f3rico.<\/p>\n\n\n\n<p>Pese al alto n\u00famero de delitos, a todas horas, en diferentes zonas de la capital, el secretario de Seguridad P\u00fablica de Oaxaca, Ra\u00fal \u00c1vila, destina a una docena de elementos a bordo de seis patrullas para retirar un puesto ambulante.<\/p>\n\n\n\n<p>Los comerciantes se agruparon para defender a la se\u00f1ora Ang\u00e9lica Mar\u00eda Velasco, quien desde hace 30 a\u00f1os expende sus productos en la calle de Aldama, y aunque su \u00faltimo pago de la licencia para vender fue en 2017, asegura que no ha habido garant\u00edas en todos estos a\u00f1os para ponerse al corriente.<\/p>\n\n\n\n<p>Por varios minutos, la situaci\u00f3n se volvi\u00f3 tensa en la calle de Aldama donde los elementos policiales rondaban a pie el puesto y al grupo de comerciantes.&nbsp;<\/p>\n\n\n\n<p>Hasta la tarde de este martes, los conflictos no hab\u00edan cesado.<\/p>\n\n\n\n<figure class=\"wp-block-embed is-type-rich is-provider-twitter wp-block-embed-twitter\"><div class=\"wp-block-embed__wrapper\">\n<div class=\"twitter-tweet\"><blockquote class=\"twitter-tweet\" data-lang=\"es\"><p lang=\"es\" dir=\"ltr\"><a href=\"https:\/\/twitter.com\/hashtag\/%C3%9AltimoMinuto?src=hash&amp;ref_src=twsrc%5Etfw\">#\u00daltimoMinuto<\/a> <br>A falta de atenci\u00f3n del edil del <a href=\"https:\/\/twitter.com\/MunicipioOaxaca?ref_src=twsrc%5Etfw\">@MunicipioOaxaca<\/a>, <a href=\"https:\/\/twitter.com\/FMartinezNeri?ref_src=twsrc%5Etfw\">@FMartinezNeri<\/a>, habitantes de la colonia Los Encinos bloquean el crucero de H\u00e9roes de Chapultepec con avenida Ju\u00e1rez, y del monumento a la Madre, en la capital oaxaque\u00f1a. <a href=\"https:\/\/t.co\/i3rTawf4Bx\">pic.twitter.com\/i3rTawf4Bx<\/a><\/p>&mdash; Zona Roja Oaxaca (@ZonaRoja_Oaxaca) <a href=\"https:\/\/twitter.com\/ZonaRoja_Oaxaca\/status\/1582507692132020224?ref_src=twsrc%5Etfw\">18 de octubre de 2022<\/a><\/blockquote><\/div>\n<\/div><\/figure>\n","protected":false},"excerpt":{"rendered":"<p>Yuridiana Sosa\/Zona Roja. Oaxaca de Ju\u00e1rez, Oax., 18 de octubre de 2022.- Adem\u00e1s de la&hellip;<\/p>\n","protected":false},"author":2,"featured_media":47062,"comment_status":"closed","ping_status":"open","sticky":false,"template":"","format":"standard","meta":{"_lmt_disableupdate":"","_lmt_disable":"","_jetpack_memberships_contains_paid_content":false,"footnotes":""},"categories":[109,47],"tags":[148],"class_list":["post-47061","post","type-post","status-publish","format-standard","has-post-thumbnail","hentry","category-minuto-a-minuto","category-zona-gris","tag-oaxaca-de-juarez"],"jetpack_featured_media_url":"https:\/\/zonaroja.com.mx\/wp-content\/uploads\/2022\/10\/Protesta-colonia-Los-Encimos.jpg","jetpack_sharing_enabled":true,"_links":{"self":[{"href":"https:\/\/zonaroja.com.mx\/index.php?rest_route=\/wp\/v2\/posts\/47061","targetHints":{"allow":["GET"]}}],"collection":[{"href":"https:\/\/zonaroja.com.mx\/index.php?rest_route=\/wp\/v2\/posts"}],"about":[{"href":"https:\/\/zonaroja.com.mx\/index.php?rest_route=\/wp\/v2\/types\/post"}],"author":[{"embeddable":true,"href":"https:\/\/zonaroja.com.mx\/index.php?rest_route=\/wp\/v2\/users\/2"}],"replies":[{"embeddable":true,"href":"https:\/\/zonaroja.com.mx\/index.php?rest_route=%2Fwp%2Fv2%2Fcomments&post=47061"}],"version-history":[{"count":1,"href":"https:\/\/zonaroja.com.mx\/index.php?rest_route=\/wp\/v2\/posts\/47061\/revisions"}],"predecessor-version":[{"id":47063,"href":"https:\/\/zonaroja.com.mx\/index.php?rest_route=\/wp\/v2\/posts\/47061\/revisions\/47063"}],"wp:featuredmedia":[{"embeddable":true,"href":"https:\/\/zonaroja.com.mx\/index.php?rest_route=\/wp\/v2\/media\/47062"}],"wp:attachment":[{"href":"https:\/\/zonaroja.com.mx\/index.php?rest_route=%2Fwp%2Fv2%2Fmedia&parent=47061"}],"wp:term":[{"taxonomy":"category","embeddable":true,"href":"https:\/\/zonaroja.com.mx\/index.php?rest_route=%2Fwp%2Fv2%2Fcategories&post=47061"},{"taxonomy":"post_tag","embeddable":true,"href":"https:\/\/zonaroja.com.mx\/index.php?rest_route=%2Fwp%2Fv2%2Ftags&post=47061"}],"curies":[{"name":"wp","href":"https:\/\/api.w.org\/{rel}","templated":true}]}}