{"id":47064,"date":"2022-10-18T21:08:21","date_gmt":"2022-10-19T02:08:21","guid":{"rendered":"http:\/\/www.zonaroja.com.mx\/?p=47064"},"modified":"2022-10-18T21:08:22","modified_gmt":"2022-10-19T02:08:22","slug":"confirman-detencion-de-sujeto-que-se-habria-llevado-a-adolescente-de-huajuapan","status":"publish","type":"post","link":"https:\/\/zonaroja.com.mx\/?p=47064","title":{"rendered":"Confirman detenci\u00f3n de sujeto que se habr\u00eda llevado a adolescente de Huajuapan"},"content":{"rendered":"\n<p>Redacci\u00f3n\/Zona Roja.<\/p>\n\n\n\n<p>Oaxaca de Ju\u00e1rez, Oax., a 18 de octubre de 2022.- La Fiscal\u00eda General del Estado de Oaxaca confirm\u00f3 la aprehensi\u00f3n de un individuo, mayor de edad, que se habr\u00eda llevado a la adolescente Alinne Andrea Rend\u00f3n Espinosa de su domicilio en Huajuapan de Le\u00f3n.<\/p>\n\n\n\n<p>En un comunicado, detall\u00f3 que se trata de I. L. L. V., a quien se le imputa el delito de sustracci\u00f3n de menores; presuntamente es familiar de la ni\u00f1a con quien se fug\u00f3 pues manten\u00edan una relaci\u00f3n de pareja.&nbsp;<\/p>\n\n\n\n<p>La Fiscal\u00eda detall\u00f3 que elementos de la Agencia Estatal de Investigaciones (AEI) lograron la detenci\u00f3n de I. L. V. V. el pasado 17 de octubre, \u201cpor tener alg\u00fan grado de responsabilidad en el referido delito\u201d, por lo que fue presentado de manera inmediata ante la autoridad judicial correspondiente y dando cumplimiento a la orden de aprehensi\u00f3n asentada en la causa penal 1204\/2022.<\/p>\n\n\n\n<p>Indic\u00f3 que los hechos que se le imputan derivan de que el pasado 5 de octubre, familiares reportaron que hab\u00edan perdido contacto con la adolescente, quien no hab\u00eda regresado a su domicilio, ubicado en la agencia Agua Dulce de Huajuapan de Le\u00f3n, situaci\u00f3n que denunciaron ante personal de la Vicefiscal\u00eda Regional de la Mixteca.<\/p>\n\n\n\n<p>Ante este hecho, la Unidad de B\u00fasqueda de Personas No Localizadas (DNOL) de la Vicefiscal\u00eda General de Atenci\u00f3n a V\u00edctimas y a la Sociedad, en conjunto con la Vicefiscal\u00eda Regional de la Mixteca, atrajeron el caso e iniciaron las investigaciones y labores de inteligencia correspondientes para dar con el paradero de la adolescente, determinando que se encontraba en jurisdicci\u00f3n de Zapotitl\u00e1n de las Palmas.<\/p>\n\n\n\n<p>El pasado 14 de octubre, la Fiscal\u00eda de Oaxaca coordin\u00f3 y ejecut\u00f3 un operativo en inmediaciones de la carretera 190 tramo Huajuapan-Acatl\u00e1n, en el cual participaron elementos de la AEI; dicho despliegue tambi\u00e9n cont\u00f3 con la estrecha colaboraci\u00f3n de la Guardia Nacional, trabajos que dieron como resultado la localizaci\u00f3n y resguardo de la v\u00edctima cuando viajaba a bordo de un autob\u00fas de transporte p\u00fablico.<\/p>\n\n\n\n<p>En tanto, la adolescente fue puesta a disposici\u00f3n de la DNOL, para posteriormente ser reintegrada con su familia. Adem\u00e1s, la FGEO le brinda atenci\u00f3n multidisciplinaria y se le otorgan servicios subsecuentes.<\/p>\n\n\n\n<p>Respecto a la situaci\u00f3n jur\u00eddica de I. L. V. V., en audiencia ante Juez, se acogi\u00f3 al t\u00e9rmino constitucional, mismo que fenece el pr\u00f3ximo 21 de octubre.<\/p>\n\n\n\n<p>DETIENE A AGRESOR<\/p>\n\n\n\n<p>Por otra parte, la Fiscal\u00eda General del Estado inform\u00f3 que ejecut\u00f3 orden de aprehensi\u00f3n contra un masculino identificado como V. R. L., se\u00f1alado como probable responsable del delito de lesiones graves en contra de una mujer identificada como C. V. y del masculino P. L. V., cometido en jurisdicci\u00f3n de San Pedro Amuzgos, distrito de Putla.<\/p>\n\n\n\n<p>El imputado fue aprehendido por Agentes Estatales de Investigaci\u00f3n (AEI), quienes lo presentaron de forma inmediata ante la autoridad judicial que lo requiri\u00f3, dando cumplimiento a la causa penal 598\/2022.<\/p>\n\n\n\n<p>De acuerdo a la referida causa penal, el 1 de octubre de 2022, el imputado agredi\u00f3 con un objeto corto contundente (machete) a las v\u00edctimas ocasion\u00e1ndole graves lesiones en diversas partes del cuerpo, cuando se encontraban en su domicilio ubicado en inmediaciones del barrio San Francisco, perteneciente a la demarcaci\u00f3n antes se\u00f1alada.<\/p>\n\n\n\n<p>Ante estos hechos, la Instituci\u00f3n de procuraci\u00f3n de justicia inici\u00f3 una exhaustiva y diligente investigaci\u00f3n, logrando aprehender al probable responsable, quien fue llevado ante el Juez que se encargar\u00e1 de resolver su situaci\u00f3n jur\u00eddica.<\/p>\n","protected":false},"excerpt":{"rendered":"<p>Redacci\u00f3n\/Zona Roja. Oaxaca de Ju\u00e1rez, Oax., a 18 de octubre de 2022.- La Fiscal\u00eda General&hellip;<\/p>\n","protected":false},"author":2,"featured_media":46746,"comment_status":"closed","ping_status":"open","sticky":false,"template":"","format":"standard","meta":{"_lmt_disableupdate":"","_lmt_disable":"","_jetpack_memberships_contains_paid_content":false,"footnotes":""},"categories":[109,47],"tags":[594],"class_list":["post-47064","post","type-post","status-publish","format-standard","has-post-thumbnail","hentry","category-minuto-a-minuto","category-zona-gris","tag-huajuapan-de-leon"],"jetpack_featured_media_url":"https:\/\/zonaroja.com.mx\/wp-content\/uploads\/2022\/10\/img_9697.jpg","jetpack_sharing_enabled":true,"_links":{"self":[{"href":"https:\/\/zonaroja.com.mx\/index.php?rest_route=\/wp\/v2\/posts\/47064","targetHints":{"allow":["GET"]}}],"collection":[{"href":"https:\/\/zonaroja.com.mx\/index.php?rest_route=\/wp\/v2\/posts"}],"about":[{"href":"https:\/\/zonaroja.com.mx\/index.php?rest_route=\/wp\/v2\/types\/post"}],"author":[{"embeddable":true,"href":"https:\/\/zonaroja.com.mx\/index.php?rest_route=\/wp\/v2\/users\/2"}],"replies":[{"embeddable":true,"href":"https:\/\/zonaroja.com.mx\/index.php?rest_route=%2Fwp%2Fv2%2Fcomments&post=47064"}],"version-history":[{"count":1,"href":"https:\/\/zonaroja.com.mx\/index.php?rest_route=\/wp\/v2\/posts\/47064\/revisions"}],"predecessor-version":[{"id":47065,"href":"https:\/\/zonaroja.com.mx\/index.php?rest_route=\/wp\/v2\/posts\/47064\/revisions\/47065"}],"wp:featuredmedia":[{"embeddable":true,"href":"https:\/\/zonaroja.com.mx\/index.php?rest_route=\/wp\/v2\/media\/46746"}],"wp:attachment":[{"href":"https:\/\/zonaroja.com.mx\/index.php?rest_route=%2Fwp%2Fv2%2Fmedia&parent=47064"}],"wp:term":[{"taxonomy":"category","embeddable":true,"href":"https:\/\/zonaroja.com.mx\/index.php?rest_route=%2Fwp%2Fv2%2Fcategories&post=47064"},{"taxonomy":"post_tag","embeddable":true,"href":"https:\/\/zonaroja.com.mx\/index.php?rest_route=%2Fwp%2Fv2%2Ftags&post=47064"}],"curies":[{"name":"wp","href":"https:\/\/api.w.org\/{rel}","templated":true}]}}